{"id":2328,"date":"2015-10-20T10:18:01","date_gmt":"2015-10-20T14:18:01","guid":{"rendered":"\/?p=2328"},"modified":"2015-10-20T10:18:01","modified_gmt":"2015-10-20T14:18:01","slug":"bilan-immobilier-du-3e-trimestre-moins-de-ventes-au-quebec-sauf-a-montreal","status":"publish","type":"post","link":"https:\/\/eryckveziau.com\/en\/non-classe\/bilan-immobilier-du-3e-trimestre-moins-de-ventes-au-quebec-sauf-a-montreal\/","title":{"rendered":"Bilan immobilier du 3e trimestre: Moins de ventes au Qu\u00e9bec, sauf \u00e0 Montr\u00e9al"},"content":{"rendered":"<p><strong><span class=\"lettrine\">L<\/span>e ralentissement du march\u00e9 immobilier continue de se faire sentir au 3e trimestre de 2015 avec des baisses de ventes plus importantes qu\u2019au 2e trimestre.<\/strong><\/p>\n<p>&nbsp;<\/p>\n<p>Conform\u00e9ment au\u00a0<a title=\"\" href=\"http:\/\/solutions.jlr.ca\/rapport-tendances-immobilieres-t3-2015\" target=\"_blank\">rapport des tendances immobili\u00e8res du 3e trimestre de JLR<\/a>, les ventes d\u2019unifamiliales ont diminu\u00e9 de 5,7 % en comparaison \u00e0 la m\u00eame p\u00e9riode l\u2019ann\u00e9e derni\u00e8re selon les transactions publi\u00e9es au Registre foncier (incluant les ventes par courtier, entre particuliers et les constructions neuves). Au total, 15 938 unifamiliales ont \u00e9t\u00e9 vendues au cours de la p\u00e9riode. Les ventes de copropri\u00e9t\u00e9s ont chut\u00e9 davantage avec 17 % moins de ventes que l\u2019ann\u00e9e derni\u00e8re pour un total de 6 556 copropri\u00e9t\u00e9s transig\u00e9es.<\/p>\n","protected":false},"excerpt":{"rendered":"<p>Le ralentissement du march\u00e9 immobilier continue de se faire sentir au 3e trimestre de 2015 avec des baisses de ventes plus importantes qu\u2019au 2e trimestre. &nbsp; Conform\u00e9ment au\u00a0rapport des tendances immobili\u00e8res du 3e trimestre de JLR, les ventes d\u2019unifamiliales ont diminu\u00e9 de 5,7 % en comparaison \u00e0 la m\u00eame p\u00e9riode l\u2019ann\u00e9e derni\u00e8re selon les transactions [&hellip;]<\/p>\n","protected":false},"author":285,"featured_media":0,"comment_status":"closed","ping_status":"closed","sticky":false,"template":"","format":"standard","meta":{"_acf_changed":false,"footnotes":""},"categories":[1],"tags":[],"class_list":["post-2328","post","type-post","status-publish","format-standard","hentry","category-non-classe"],"acf":[],"yoast_head":"<!-- This site is optimized with the Yoast SEO plugin v26.7 - https:\/\/yoast.com\/wordpress\/plugins\/seo\/ -->\n<title>Bilan immobilier du 3e trimestre: Moins de ventes au Qu\u00e9bec, sauf \u00e0 Montr\u00e9al | ERYCK V\u00c9ZIAU, COURTIER IMMOBILIER LAVAL, COURTIER IMMOBILIER STE-DOROTH\u00c9E, MAISON \u00c0 VENDRE LAVAL, AGENT IMMOBILIER STE-DOROTH\u00c9E<\/title>\n<meta name=\"robots\" content=\"index, follow, max-snippet:-1, max-image-preview:large, max-video-preview:-1\" \/>\n<link rel=\"canonical\" href=\"https:\/\/eryckveziau.com\/non-classe\/bilan-immobilier-du-3e-trimestre-moins-de-ventes-au-quebec-sauf-a-montreal\/\" \/>\n<meta property=\"og:locale\" content=\"en_US\" \/>\n<meta property=\"og:type\" content=\"article\" \/>\n<meta property=\"og:title\" content=\"Bilan immobilier du 3e trimestre: Moins de ventes au Qu\u00e9bec, sauf \u00e0 Montr\u00e9al | ERYCK V\u00c9ZIAU, COURTIER IMMOBILIER LAVAL, COURTIER IMMOBILIER STE-DOROTH\u00c9E, MAISON \u00c0 VENDRE LAVAL, AGENT IMMOBILIER STE-DOROTH\u00c9E\" \/>\n<meta property=\"og:description\" content=\"Le ralentissement du march\u00e9 immobilier continue de se faire sentir au 3e trimestre de 2015 avec des baisses de ventes plus importantes qu\u2019au 2e trimestre. &nbsp; Conform\u00e9ment au\u00a0rapport des tendances immobili\u00e8res du 3e trimestre de JLR, les ventes d\u2019unifamiliales ont diminu\u00e9 de 5,7 % en comparaison \u00e0 la m\u00eame p\u00e9riode l\u2019ann\u00e9e derni\u00e8re selon les transactions [&hellip;]\" \/>\n<meta property=\"og:url\" content=\"https:\/\/eryckveziau.com\/non-classe\/bilan-immobilier-du-3e-trimestre-moins-de-ventes-au-quebec-sauf-a-montreal\/\" \/>\n<meta property=\"og:site_name\" content=\"ERYCK V\u00c9ZIAU, COURTIER IMMOBILIER LAVAL, COURTIER IMMOBILIER STE-DOROTH\u00c9E, MAISON \u00c0 VENDRE LAVAL, AGENT IMMOBILIER STE-DOROTH\u00c9E\" \/>\n<meta property=\"article:publisher\" content=\"https:\/\/www.facebook.com\/EryckVeziau.courtier.immobilier.ReMax.Laval\" \/>\n<meta property=\"article:published_time\" content=\"2015-10-20T14:18:01+00:00\" \/>\n<meta property=\"og:image\" content=\"https:\/\/eryckveziau.com\/files\/2022\/09\/PartageEveziau.png\" \/>\n\t<meta property=\"og:image:width\" content=\"924\" \/>\n\t<meta property=\"og:image:height\" content=\"454\" \/>\n\t<meta property=\"og:image:type\" content=\"image\/png\" \/>\n<meta name=\"twitter:card\" content=\"summary_large_image\" \/>\n<meta name=\"twitter:label1\" content=\"Written by\" \/>\n\t<meta name=\"twitter:data1\" content=\"\" \/>\n\t<meta name=\"twitter:label2\" content=\"Est. reading time\" \/>\n\t<meta name=\"twitter:data2\" content=\"1 minute\" \/>\n<script type=\"application\/ld+json\" class=\"yoast-schema-graph\">{\"@context\":\"https:\/\/schema.org\",\"@graph\":[{\"@type\":\"Article\",\"@id\":\"https:\/\/eryckveziau.com\/non-classe\/bilan-immobilier-du-3e-trimestre-moins-de-ventes-au-quebec-sauf-a-montreal\/#article\",\"isPartOf\":{\"@id\":\"https:\/\/eryckveziau.com\/non-classe\/bilan-immobilier-du-3e-trimestre-moins-de-ventes-au-quebec-sauf-a-montreal\/\"},\"author\":{\"name\":\"\",\"@id\":\"\"},\"headline\":\"Bilan immobilier du 3e trimestre: Moins de ventes au Qu\u00e9bec, sauf \u00e0 Montr\u00e9al\",\"datePublished\":\"2015-10-20T14:18:01+00:00\",\"mainEntityOfPage\":{\"@id\":\"https:\/\/eryckveziau.com\/non-classe\/bilan-immobilier-du-3e-trimestre-moins-de-ventes-au-quebec-sauf-a-montreal\/\"},\"wordCount\":131,\"publisher\":{\"@id\":\"https:\/\/eryckveziau.com\/en\/#organization\"},\"articleSection\":[\"Non class\u00e9\"],\"inLanguage\":\"en-US\"},{\"@type\":\"WebPage\",\"@id\":\"https:\/\/eryckveziau.com\/non-classe\/bilan-immobilier-du-3e-trimestre-moins-de-ventes-au-quebec-sauf-a-montreal\/\",\"url\":\"https:\/\/eryckveziau.com\/non-classe\/bilan-immobilier-du-3e-trimestre-moins-de-ventes-au-quebec-sauf-a-montreal\/\",\"name\":\"Bilan immobilier du 3e trimestre: Moins de ventes au Qu\u00e9bec, sauf \u00e0 Montr\u00e9al | ERYCK V\u00c9ZIAU, COURTIER IMMOBILIER LAVAL, COURTIER IMMOBILIER STE-DOROTH\u00c9E, MAISON \u00c0 VENDRE LAVAL, AGENT IMMOBILIER STE-DOROTH\u00c9E\",\"isPartOf\":{\"@id\":\"https:\/\/eryckveziau.com\/en\/#website\"},\"datePublished\":\"2015-10-20T14:18:01+00:00\",\"breadcrumb\":{\"@id\":\"https:\/\/eryckveziau.com\/non-classe\/bilan-immobilier-du-3e-trimestre-moins-de-ventes-au-quebec-sauf-a-montreal\/#breadcrumb\"},\"inLanguage\":\"en-US\",\"potentialAction\":[{\"@type\":\"ReadAction\",\"target\":[\"https:\/\/eryckveziau.com\/non-classe\/bilan-immobilier-du-3e-trimestre-moins-de-ventes-au-quebec-sauf-a-montreal\/\"]}]},{\"@type\":\"BreadcrumbList\",\"@id\":\"https:\/\/eryckveziau.com\/non-classe\/bilan-immobilier-du-3e-trimestre-moins-de-ventes-au-quebec-sauf-a-montreal\/#breadcrumb\",\"itemListElement\":[{\"@type\":\"ListItem\",\"position\":1,\"name\":\"Accueil\",\"item\":\"https:\/\/eryckveziau.com\/en\/\"},{\"@type\":\"ListItem\",\"position\":2,\"name\":\"Bilan immobilier du 3e trimestre: Moins de ventes au Qu\u00e9bec, sauf \u00e0 Montr\u00e9al\"}]},{\"@type\":\"WebSite\",\"@id\":\"https:\/\/eryckveziau.com\/en\/#website\",\"url\":\"https:\/\/eryckveziau.com\/en\/\",\"name\":\"ERYCK V\u00c9ZIAU, COURTIER IMMOBILIER LAVAL, COURTIER IMMOBILIER STE-DOROTH\u00c9E, MAISON \u00c0 VENDRE LAVAL, AGENT IMMOBILIER STE-DOROTH\u00c9E\",\"description\":\"\",\"publisher\":{\"@id\":\"https:\/\/eryckveziau.com\/en\/#organization\"},\"potentialAction\":[{\"@type\":\"SearchAction\",\"target\":{\"@type\":\"EntryPoint\",\"urlTemplate\":\"https:\/\/eryckveziau.com\/en\/?s={search_term_string}\"},\"query-input\":{\"@type\":\"PropertyValueSpecification\",\"valueRequired\":true,\"valueName\":\"search_term_string\"}}],\"inLanguage\":\"en-US\"},{\"@type\":\"Organization\",\"@id\":\"https:\/\/eryckveziau.com\/en\/#organization\",\"name\":\"Eryck V\u00e9ziau RE\/MAX\",\"url\":\"https:\/\/eryckveziau.com\/en\/\",\"logo\":{\"@type\":\"ImageObject\",\"inLanguage\":\"en-US\",\"@id\":\"https:\/\/eryckveziau.com\/en\/#\/schema\/logo\/image\/\",\"url\":\"https:\/\/eryckveziau.com\/files\/2022\/09\/PartageEveziau.png\",\"contentUrl\":\"https:\/\/eryckveziau.com\/files\/2022\/09\/PartageEveziau.png\",\"width\":924,\"height\":454,\"caption\":\"Eryck V\u00e9ziau RE\/MAX\"},\"image\":{\"@id\":\"https:\/\/eryckveziau.com\/en\/#\/schema\/logo\/image\/\"},\"sameAs\":[\"https:\/\/www.facebook.com\/EryckVeziau.courtier.immobilier.ReMax.Laval\",\"https:\/\/www.instagram.com\/eryck_veziau_remax\/\",\"https:\/\/www.linkedin.com\/in\/eryck-v\u00e9ziau-6a445134\/\",\"https:\/\/www.youtube.com\/user\/eveziau\"]},{\"@type\":\"Person\",\"@id\":\"\",\"url\":\"https:\/\/eryckveziau.com\/en\/author\/\"}]}<\/script>\n<!-- \/ Yoast SEO plugin. -->","yoast_head_json":{"title":"Bilan immobilier du 3e trimestre: Moins de ventes au Qu\u00e9bec, sauf \u00e0 Montr\u00e9al | ERYCK V\u00c9ZIAU, COURTIER IMMOBILIER LAVAL, COURTIER IMMOBILIER STE-DOROTH\u00c9E, MAISON \u00c0 VENDRE LAVAL, AGENT IMMOBILIER STE-DOROTH\u00c9E","robots":{"index":"index","follow":"follow","max-snippet":"max-snippet:-1","max-image-preview":"max-image-preview:large","max-video-preview":"max-video-preview:-1"},"canonical":"https:\/\/eryckveziau.com\/non-classe\/bilan-immobilier-du-3e-trimestre-moins-de-ventes-au-quebec-sauf-a-montreal\/","og_locale":"en_US","og_type":"article","og_title":"Bilan immobilier du 3e trimestre: Moins de ventes au Qu\u00e9bec, sauf \u00e0 Montr\u00e9al | ERYCK V\u00c9ZIAU, COURTIER IMMOBILIER LAVAL, COURTIER IMMOBILIER STE-DOROTH\u00c9E, MAISON \u00c0 VENDRE LAVAL, AGENT IMMOBILIER STE-DOROTH\u00c9E","og_description":"Le ralentissement du march\u00e9 immobilier continue de se faire sentir au 3e trimestre de 2015 avec des baisses de ventes plus importantes qu\u2019au 2e trimestre. &nbsp; Conform\u00e9ment au\u00a0rapport des tendances immobili\u00e8res du 3e trimestre de JLR, les ventes d\u2019unifamiliales ont diminu\u00e9 de 5,7 % en comparaison \u00e0 la m\u00eame p\u00e9riode l\u2019ann\u00e9e derni\u00e8re selon les transactions [&hellip;]","og_url":"https:\/\/eryckveziau.com\/non-classe\/bilan-immobilier-du-3e-trimestre-moins-de-ventes-au-quebec-sauf-a-montreal\/","og_site_name":"ERYCK V\u00c9ZIAU, COURTIER IMMOBILIER LAVAL, COURTIER IMMOBILIER STE-DOROTH\u00c9E, MAISON \u00c0 VENDRE LAVAL, AGENT IMMOBILIER STE-DOROTH\u00c9E","article_publisher":"https:\/\/www.facebook.com\/EryckVeziau.courtier.immobilier.ReMax.Laval","article_published_time":"2015-10-20T14:18:01+00:00","og_image":[{"width":924,"height":454,"url":"https:\/\/eryckveziau.com\/files\/2022\/09\/PartageEveziau.png","type":"image\/png"}],"twitter_card":"summary_large_image","twitter_misc":{"Written by":"","Est. reading time":"1 minute"},"schema":{"@context":"https:\/\/schema.org","@graph":[{"@type":"Article","@id":"https:\/\/eryckveziau.com\/non-classe\/bilan-immobilier-du-3e-trimestre-moins-de-ventes-au-quebec-sauf-a-montreal\/#article","isPartOf":{"@id":"https:\/\/eryckveziau.com\/non-classe\/bilan-immobilier-du-3e-trimestre-moins-de-ventes-au-quebec-sauf-a-montreal\/"},"author":{"name":"","@id":""},"headline":"Bilan immobilier du 3e trimestre: Moins de ventes au Qu\u00e9bec, sauf \u00e0 Montr\u00e9al","datePublished":"2015-10-20T14:18:01+00:00","mainEntityOfPage":{"@id":"https:\/\/eryckveziau.com\/non-classe\/bilan-immobilier-du-3e-trimestre-moins-de-ventes-au-quebec-sauf-a-montreal\/"},"wordCount":131,"publisher":{"@id":"https:\/\/eryckveziau.com\/en\/#organization"},"articleSection":["Non class\u00e9"],"inLanguage":"en-US"},{"@type":"WebPage","@id":"https:\/\/eryckveziau.com\/non-classe\/bilan-immobilier-du-3e-trimestre-moins-de-ventes-au-quebec-sauf-a-montreal\/","url":"https:\/\/eryckveziau.com\/non-classe\/bilan-immobilier-du-3e-trimestre-moins-de-ventes-au-quebec-sauf-a-montreal\/","name":"Bilan immobilier du 3e trimestre: Moins de ventes au Qu\u00e9bec, sauf \u00e0 Montr\u00e9al | ERYCK V\u00c9ZIAU, COURTIER IMMOBILIER LAVAL, COURTIER IMMOBILIER STE-DOROTH\u00c9E, MAISON \u00c0 VENDRE LAVAL, AGENT IMMOBILIER STE-DOROTH\u00c9E","isPartOf":{"@id":"https:\/\/eryckveziau.com\/en\/#website"},"datePublished":"2015-10-20T14:18:01+00:00","breadcrumb":{"@id":"https:\/\/eryckveziau.com\/non-classe\/bilan-immobilier-du-3e-trimestre-moins-de-ventes-au-quebec-sauf-a-montreal\/#breadcrumb"},"inLanguage":"en-US","potentialAction":[{"@type":"ReadAction","target":["https:\/\/eryckveziau.com\/non-classe\/bilan-immobilier-du-3e-trimestre-moins-de-ventes-au-quebec-sauf-a-montreal\/"]}]},{"@type":"BreadcrumbList","@id":"https:\/\/eryckveziau.com\/non-classe\/bilan-immobilier-du-3e-trimestre-moins-de-ventes-au-quebec-sauf-a-montreal\/#breadcrumb","itemListElement":[{"@type":"ListItem","position":1,"name":"Accueil","item":"https:\/\/eryckveziau.com\/en\/"},{"@type":"ListItem","position":2,"name":"Bilan immobilier du 3e trimestre: Moins de ventes au Qu\u00e9bec, sauf \u00e0 Montr\u00e9al"}]},{"@type":"WebSite","@id":"https:\/\/eryckveziau.com\/en\/#website","url":"https:\/\/eryckveziau.com\/en\/","name":"ERYCK V\u00c9ZIAU, COURTIER IMMOBILIER LAVAL, COURTIER IMMOBILIER STE-DOROTH\u00c9E, MAISON \u00c0 VENDRE LAVAL, AGENT IMMOBILIER STE-DOROTH\u00c9E","description":"","publisher":{"@id":"https:\/\/eryckveziau.com\/en\/#organization"},"potentialAction":[{"@type":"SearchAction","target":{"@type":"EntryPoint","urlTemplate":"https:\/\/eryckveziau.com\/en\/?s={search_term_string}"},"query-input":{"@type":"PropertyValueSpecification","valueRequired":true,"valueName":"search_term_string"}}],"inLanguage":"en-US"},{"@type":"Organization","@id":"https:\/\/eryckveziau.com\/en\/#organization","name":"Eryck V\u00e9ziau RE\/MAX","url":"https:\/\/eryckveziau.com\/en\/","logo":{"@type":"ImageObject","inLanguage":"en-US","@id":"https:\/\/eryckveziau.com\/en\/#\/schema\/logo\/image\/","url":"https:\/\/eryckveziau.com\/files\/2022\/09\/PartageEveziau.png","contentUrl":"https:\/\/eryckveziau.com\/files\/2022\/09\/PartageEveziau.png","width":924,"height":454,"caption":"Eryck V\u00e9ziau RE\/MAX"},"image":{"@id":"https:\/\/eryckveziau.com\/en\/#\/schema\/logo\/image\/"},"sameAs":["https:\/\/www.facebook.com\/EryckVeziau.courtier.immobilier.ReMax.Laval","https:\/\/www.instagram.com\/eryck_veziau_remax\/","https:\/\/www.linkedin.com\/in\/eryck-v\u00e9ziau-6a445134\/","https:\/\/www.youtube.com\/user\/eveziau"]},{"@type":"Person","@id":"","url":"https:\/\/eryckveziau.com\/en\/author\/"}]}},"_links":{"self":[{"href":"https:\/\/eryckveziau.com\/en\/wp-json\/wp\/v2\/posts\/2328","targetHints":{"allow":["GET"]}}],"collection":[{"href":"https:\/\/eryckveziau.com\/en\/wp-json\/wp\/v2\/posts"}],"about":[{"href":"https:\/\/eryckveziau.com\/en\/wp-json\/wp\/v2\/types\/post"}],"author":[{"embeddable":true,"href":"https:\/\/eryckveziau.com\/en\/wp-json\/wp\/v2\/users\/285"}],"replies":[{"embeddable":true,"href":"https:\/\/eryckveziau.com\/en\/wp-json\/wp\/v2\/comments?post=2328"}],"version-history":[{"count":1,"href":"https:\/\/eryckveziau.com\/en\/wp-json\/wp\/v2\/posts\/2328\/revisions"}],"predecessor-version":[{"id":2329,"href":"https:\/\/eryckveziau.com\/en\/wp-json\/wp\/v2\/posts\/2328\/revisions\/2329"}],"wp:attachment":[{"href":"https:\/\/eryckveziau.com\/en\/wp-json\/wp\/v2\/media?parent=2328"}],"wp:term":[{"taxonomy":"category","embeddable":true,"href":"https:\/\/eryckveziau.com\/en\/wp-json\/wp\/v2\/categories?post=2328"},{"taxonomy":"post_tag","embeddable":true,"href":"https:\/\/eryckveziau.com\/en\/wp-json\/wp\/v2\/tags?post=2328"}],"curies":[{"name":"wp","href":"https:\/\/api.w.org\/{rel}","templated":true}]}}