{"id":2309,"date":"2015-10-08T15:25:16","date_gmt":"2015-10-08T19:25:16","guid":{"rendered":"\/?p=2309"},"modified":"2015-10-08T15:25:55","modified_gmt":"2015-10-08T19:25:55","slug":"il-est-temps-de-se-preparer-a-une-hausse-des-taux-dinteret","status":"publish","type":"post","link":"https:\/\/eryckveziau.com\/en\/non-classe\/il-est-temps-de-se-preparer-a-une-hausse-des-taux-dinteret\/","title":{"rendered":"Il est temps de se pr\u00e9parer \u00e0 une hausse des taux d\u2019int\u00e9r\u00eat"},"content":{"rendered":"<h2>Une hausse de 500 $ des paiements hypoth\u00e9caires emb\u00eaterait un Canadien sur six, selon un sondage<\/h2>\n<figure class=\"photo_paysage\"><figcaption><span class=\"vignette\">Selon le rapport, 47 % des Canadiens croient que le niveau \u00e9lev\u00e9 d\u2019endettement au pays a \u00e9t\u00e9 influenc\u00e9 par l\u2019augmentation des prix dans l\u2019immobilier, tandis que 40 % des r\u00e9pondants l\u2019attribuent \u00e0 la faiblesse des taux.<\/span> <\/figcaption><\/figure>\n<div class=\"texte\">\n<p>Ottawa \u2014 Pr\u00e8s d\u2019un Canadien sur six ne serait pas capable d\u2019absorber une augmentation de 500\u00a0$ de ses paiements hypoth\u00e9caires, d\u2019apr\u00e8s une nouvelle \u00e9tude de la Banque de Montr\u00e9al.<\/p>\n<p>Selon l\u2019institution financi\u00e8re, 6\u00a0% des r\u00e9pondants \u00e0 son \u00e9tude affirment qu\u2019ils ne pourraient pas se permettre une telle augmentation, tandis que plus d\u2019un quart, soit environ 27\u00a0%, auraient besoin de revoir leur budget. Une autre tranche de 26\u00a0% affirme qu\u2019elle serait inqui\u00e9t\u00e9e, mais qu\u2019elle pourrait probablement se d\u00e9brouiller.<\/p>\n<p>Une telle augmentation serait g\u00e9n\u00e9r\u00e9e dans un sc\u00e9nario o\u00f9 les taux d\u2019int\u00e9r\u00eat progressaient de trois points de pourcentage \u2014 passant de 2,75\u00a0% \u00e0 5,75\u00a0% \u2014 sur un pr\u00eat hypoth\u00e9caire de 300\u00a0000\u00a0$ \u00e9tal\u00e9 sur 25\u00a0ans.<\/p>\n<\/div>\n","protected":false},"excerpt":{"rendered":"<p>Une hausse de 500 $ des paiements hypoth\u00e9caires emb\u00eaterait un Canadien sur six, selon un sondage Selon le rapport, 47 % des Canadiens croient que le niveau \u00e9lev\u00e9 d\u2019endettement au pays a \u00e9t\u00e9 influenc\u00e9 par l\u2019augmentation des prix dans l\u2019immobilier, tandis que 40 % des r\u00e9pondants l\u2019attribuent \u00e0 la faiblesse des taux. Ottawa \u2014 Pr\u00e8s [&hellip;]<\/p>\n","protected":false},"author":285,"featured_media":0,"comment_status":"closed","ping_status":"closed","sticky":false,"template":"","format":"standard","meta":{"_acf_changed":false,"footnotes":""},"categories":[1],"tags":[],"class_list":["post-2309","post","type-post","status-publish","format-standard","hentry","category-non-classe"],"acf":[],"yoast_head":"<!-- This site is optimized with the Yoast SEO plugin v26.7 - https:\/\/yoast.com\/wordpress\/plugins\/seo\/ -->\n<title>Il est temps de se pr\u00e9parer \u00e0 une hausse des taux d\u2019int\u00e9r\u00eat | ERYCK V\u00c9ZIAU, COURTIER IMMOBILIER LAVAL, COURTIER IMMOBILIER STE-DOROTH\u00c9E, MAISON \u00c0 VENDRE LAVAL, AGENT IMMOBILIER STE-DOROTH\u00c9E<\/title>\n<meta name=\"robots\" content=\"index, follow, max-snippet:-1, max-image-preview:large, max-video-preview:-1\" \/>\n<link rel=\"canonical\" href=\"https:\/\/eryckveziau.com\/non-classe\/il-est-temps-de-se-preparer-a-une-hausse-des-taux-dinteret\/\" \/>\n<meta property=\"og:locale\" content=\"en_US\" \/>\n<meta property=\"og:type\" content=\"article\" \/>\n<meta property=\"og:title\" content=\"Il est temps de se pr\u00e9parer \u00e0 une hausse des taux d\u2019int\u00e9r\u00eat | ERYCK V\u00c9ZIAU, COURTIER IMMOBILIER LAVAL, COURTIER IMMOBILIER STE-DOROTH\u00c9E, MAISON \u00c0 VENDRE LAVAL, AGENT IMMOBILIER STE-DOROTH\u00c9E\" \/>\n<meta property=\"og:description\" content=\"Une hausse de 500 $ des paiements hypoth\u00e9caires emb\u00eaterait un Canadien sur six, selon un sondage Selon le rapport, 47 % des Canadiens croient que le niveau \u00e9lev\u00e9 d\u2019endettement au pays a \u00e9t\u00e9 influenc\u00e9 par l\u2019augmentation des prix dans l\u2019immobilier, tandis que 40 % des r\u00e9pondants l\u2019attribuent \u00e0 la faiblesse des taux. Ottawa \u2014 Pr\u00e8s [&hellip;]\" \/>\n<meta property=\"og:url\" content=\"https:\/\/eryckveziau.com\/non-classe\/il-est-temps-de-se-preparer-a-une-hausse-des-taux-dinteret\/\" \/>\n<meta property=\"og:site_name\" content=\"ERYCK V\u00c9ZIAU, COURTIER IMMOBILIER LAVAL, COURTIER IMMOBILIER STE-DOROTH\u00c9E, MAISON \u00c0 VENDRE LAVAL, AGENT IMMOBILIER STE-DOROTH\u00c9E\" \/>\n<meta property=\"article:publisher\" content=\"https:\/\/www.facebook.com\/EryckVeziau.courtier.immobilier.ReMax.Laval\" \/>\n<meta property=\"article:published_time\" content=\"2015-10-08T19:25:16+00:00\" \/>\n<meta property=\"article:modified_time\" content=\"2015-10-08T19:25:55+00:00\" \/>\n<meta property=\"og:image\" content=\"https:\/\/eryckveziau.com\/files\/2022\/09\/PartageEveziau.png\" \/>\n\t<meta property=\"og:image:width\" content=\"924\" \/>\n\t<meta property=\"og:image:height\" content=\"454\" \/>\n\t<meta property=\"og:image:type\" content=\"image\/png\" \/>\n<meta name=\"twitter:card\" content=\"summary_large_image\" \/>\n<meta name=\"twitter:label1\" content=\"Written by\" \/>\n\t<meta name=\"twitter:data1\" content=\"\" \/>\n\t<meta name=\"twitter:label2\" content=\"Est. reading time\" \/>\n\t<meta name=\"twitter:data2\" content=\"1 minute\" \/>\n<script type=\"application\/ld+json\" class=\"yoast-schema-graph\">{\"@context\":\"https:\/\/schema.org\",\"@graph\":[{\"@type\":\"Article\",\"@id\":\"https:\/\/eryckveziau.com\/non-classe\/il-est-temps-de-se-preparer-a-une-hausse-des-taux-dinteret\/#article\",\"isPartOf\":{\"@id\":\"https:\/\/eryckveziau.com\/non-classe\/il-est-temps-de-se-preparer-a-une-hausse-des-taux-dinteret\/\"},\"author\":{\"name\":\"\",\"@id\":\"\"},\"headline\":\"Il est temps de se pr\u00e9parer \u00e0 une hausse des taux d\u2019int\u00e9r\u00eat\",\"datePublished\":\"2015-10-08T19:25:16+00:00\",\"dateModified\":\"2015-10-08T19:25:55+00:00\",\"mainEntityOfPage\":{\"@id\":\"https:\/\/eryckveziau.com\/non-classe\/il-est-temps-de-se-preparer-a-une-hausse-des-taux-dinteret\/\"},\"wordCount\":192,\"publisher\":{\"@id\":\"https:\/\/eryckveziau.com\/en\/#organization\"},\"articleSection\":[\"Non class\u00e9\"],\"inLanguage\":\"en-US\"},{\"@type\":\"WebPage\",\"@id\":\"https:\/\/eryckveziau.com\/non-classe\/il-est-temps-de-se-preparer-a-une-hausse-des-taux-dinteret\/\",\"url\":\"https:\/\/eryckveziau.com\/non-classe\/il-est-temps-de-se-preparer-a-une-hausse-des-taux-dinteret\/\",\"name\":\"Il est temps de se pr\u00e9parer \u00e0 une hausse des taux d\u2019int\u00e9r\u00eat | ERYCK V\u00c9ZIAU, COURTIER IMMOBILIER LAVAL, COURTIER IMMOBILIER STE-DOROTH\u00c9E, MAISON \u00c0 VENDRE LAVAL, AGENT IMMOBILIER STE-DOROTH\u00c9E\",\"isPartOf\":{\"@id\":\"https:\/\/eryckveziau.com\/en\/#website\"},\"datePublished\":\"2015-10-08T19:25:16+00:00\",\"dateModified\":\"2015-10-08T19:25:55+00:00\",\"breadcrumb\":{\"@id\":\"https:\/\/eryckveziau.com\/non-classe\/il-est-temps-de-se-preparer-a-une-hausse-des-taux-dinteret\/#breadcrumb\"},\"inLanguage\":\"en-US\",\"potentialAction\":[{\"@type\":\"ReadAction\",\"target\":[\"https:\/\/eryckveziau.com\/non-classe\/il-est-temps-de-se-preparer-a-une-hausse-des-taux-dinteret\/\"]}]},{\"@type\":\"BreadcrumbList\",\"@id\":\"https:\/\/eryckveziau.com\/non-classe\/il-est-temps-de-se-preparer-a-une-hausse-des-taux-dinteret\/#breadcrumb\",\"itemListElement\":[{\"@type\":\"ListItem\",\"position\":1,\"name\":\"Accueil\",\"item\":\"https:\/\/eryckveziau.com\/en\/\"},{\"@type\":\"ListItem\",\"position\":2,\"name\":\"Il est temps de se pr\u00e9parer \u00e0 une hausse des taux d\u2019int\u00e9r\u00eat\"}]},{\"@type\":\"WebSite\",\"@id\":\"https:\/\/eryckveziau.com\/en\/#website\",\"url\":\"https:\/\/eryckveziau.com\/en\/\",\"name\":\"ERYCK V\u00c9ZIAU, COURTIER IMMOBILIER LAVAL, COURTIER IMMOBILIER STE-DOROTH\u00c9E, MAISON \u00c0 VENDRE LAVAL, AGENT IMMOBILIER STE-DOROTH\u00c9E\",\"description\":\"\",\"publisher\":{\"@id\":\"https:\/\/eryckveziau.com\/en\/#organization\"},\"potentialAction\":[{\"@type\":\"SearchAction\",\"target\":{\"@type\":\"EntryPoint\",\"urlTemplate\":\"https:\/\/eryckveziau.com\/en\/?s={search_term_string}\"},\"query-input\":{\"@type\":\"PropertyValueSpecification\",\"valueRequired\":true,\"valueName\":\"search_term_string\"}}],\"inLanguage\":\"en-US\"},{\"@type\":\"Organization\",\"@id\":\"https:\/\/eryckveziau.com\/en\/#organization\",\"name\":\"Eryck V\u00e9ziau RE\/MAX\",\"url\":\"https:\/\/eryckveziau.com\/en\/\",\"logo\":{\"@type\":\"ImageObject\",\"inLanguage\":\"en-US\",\"@id\":\"https:\/\/eryckveziau.com\/en\/#\/schema\/logo\/image\/\",\"url\":\"https:\/\/eryckveziau.com\/files\/2022\/09\/PartageEveziau.png\",\"contentUrl\":\"https:\/\/eryckveziau.com\/files\/2022\/09\/PartageEveziau.png\",\"width\":924,\"height\":454,\"caption\":\"Eryck V\u00e9ziau RE\/MAX\"},\"image\":{\"@id\":\"https:\/\/eryckveziau.com\/en\/#\/schema\/logo\/image\/\"},\"sameAs\":[\"https:\/\/www.facebook.com\/EryckVeziau.courtier.immobilier.ReMax.Laval\",\"https:\/\/www.instagram.com\/eryck_veziau_remax\/\",\"https:\/\/www.linkedin.com\/in\/eryck-v\u00e9ziau-6a445134\/\",\"https:\/\/www.youtube.com\/user\/eveziau\"]},{\"@type\":\"Person\",\"@id\":\"\",\"url\":\"https:\/\/eryckveziau.com\/en\/author\/\"}]}<\/script>\n<!-- \/ Yoast SEO plugin. -->","yoast_head_json":{"title":"Il est temps de se pr\u00e9parer \u00e0 une hausse des taux d\u2019int\u00e9r\u00eat | ERYCK V\u00c9ZIAU, COURTIER IMMOBILIER LAVAL, COURTIER IMMOBILIER STE-DOROTH\u00c9E, MAISON \u00c0 VENDRE LAVAL, AGENT IMMOBILIER STE-DOROTH\u00c9E","robots":{"index":"index","follow":"follow","max-snippet":"max-snippet:-1","max-image-preview":"max-image-preview:large","max-video-preview":"max-video-preview:-1"},"canonical":"https:\/\/eryckveziau.com\/non-classe\/il-est-temps-de-se-preparer-a-une-hausse-des-taux-dinteret\/","og_locale":"en_US","og_type":"article","og_title":"Il est temps de se pr\u00e9parer \u00e0 une hausse des taux d\u2019int\u00e9r\u00eat | ERYCK V\u00c9ZIAU, COURTIER IMMOBILIER LAVAL, COURTIER IMMOBILIER STE-DOROTH\u00c9E, MAISON \u00c0 VENDRE LAVAL, AGENT IMMOBILIER STE-DOROTH\u00c9E","og_description":"Une hausse de 500 $ des paiements hypoth\u00e9caires emb\u00eaterait un Canadien sur six, selon un sondage Selon le rapport, 47 % des Canadiens croient que le niveau \u00e9lev\u00e9 d\u2019endettement au pays a \u00e9t\u00e9 influenc\u00e9 par l\u2019augmentation des prix dans l\u2019immobilier, tandis que 40 % des r\u00e9pondants l\u2019attribuent \u00e0 la faiblesse des taux. Ottawa \u2014 Pr\u00e8s [&hellip;]","og_url":"https:\/\/eryckveziau.com\/non-classe\/il-est-temps-de-se-preparer-a-une-hausse-des-taux-dinteret\/","og_site_name":"ERYCK V\u00c9ZIAU, COURTIER IMMOBILIER LAVAL, COURTIER IMMOBILIER STE-DOROTH\u00c9E, MAISON \u00c0 VENDRE LAVAL, AGENT IMMOBILIER STE-DOROTH\u00c9E","article_publisher":"https:\/\/www.facebook.com\/EryckVeziau.courtier.immobilier.ReMax.Laval","article_published_time":"2015-10-08T19:25:16+00:00","article_modified_time":"2015-10-08T19:25:55+00:00","og_image":[{"width":924,"height":454,"url":"https:\/\/eryckveziau.com\/files\/2022\/09\/PartageEveziau.png","type":"image\/png"}],"twitter_card":"summary_large_image","twitter_misc":{"Written by":"","Est. reading time":"1 minute"},"schema":{"@context":"https:\/\/schema.org","@graph":[{"@type":"Article","@id":"https:\/\/eryckveziau.com\/non-classe\/il-est-temps-de-se-preparer-a-une-hausse-des-taux-dinteret\/#article","isPartOf":{"@id":"https:\/\/eryckveziau.com\/non-classe\/il-est-temps-de-se-preparer-a-une-hausse-des-taux-dinteret\/"},"author":{"name":"","@id":""},"headline":"Il est temps de se pr\u00e9parer \u00e0 une hausse des taux d\u2019int\u00e9r\u00eat","datePublished":"2015-10-08T19:25:16+00:00","dateModified":"2015-10-08T19:25:55+00:00","mainEntityOfPage":{"@id":"https:\/\/eryckveziau.com\/non-classe\/il-est-temps-de-se-preparer-a-une-hausse-des-taux-dinteret\/"},"wordCount":192,"publisher":{"@id":"https:\/\/eryckveziau.com\/en\/#organization"},"articleSection":["Non class\u00e9"],"inLanguage":"en-US"},{"@type":"WebPage","@id":"https:\/\/eryckveziau.com\/non-classe\/il-est-temps-de-se-preparer-a-une-hausse-des-taux-dinteret\/","url":"https:\/\/eryckveziau.com\/non-classe\/il-est-temps-de-se-preparer-a-une-hausse-des-taux-dinteret\/","name":"Il est temps de se pr\u00e9parer \u00e0 une hausse des taux d\u2019int\u00e9r\u00eat | ERYCK V\u00c9ZIAU, COURTIER IMMOBILIER LAVAL, COURTIER IMMOBILIER STE-DOROTH\u00c9E, MAISON \u00c0 VENDRE LAVAL, AGENT IMMOBILIER STE-DOROTH\u00c9E","isPartOf":{"@id":"https:\/\/eryckveziau.com\/en\/#website"},"datePublished":"2015-10-08T19:25:16+00:00","dateModified":"2015-10-08T19:25:55+00:00","breadcrumb":{"@id":"https:\/\/eryckveziau.com\/non-classe\/il-est-temps-de-se-preparer-a-une-hausse-des-taux-dinteret\/#breadcrumb"},"inLanguage":"en-US","potentialAction":[{"@type":"ReadAction","target":["https:\/\/eryckveziau.com\/non-classe\/il-est-temps-de-se-preparer-a-une-hausse-des-taux-dinteret\/"]}]},{"@type":"BreadcrumbList","@id":"https:\/\/eryckveziau.com\/non-classe\/il-est-temps-de-se-preparer-a-une-hausse-des-taux-dinteret\/#breadcrumb","itemListElement":[{"@type":"ListItem","position":1,"name":"Accueil","item":"https:\/\/eryckveziau.com\/en\/"},{"@type":"ListItem","position":2,"name":"Il est temps de se pr\u00e9parer \u00e0 une hausse des taux d\u2019int\u00e9r\u00eat"}]},{"@type":"WebSite","@id":"https:\/\/eryckveziau.com\/en\/#website","url":"https:\/\/eryckveziau.com\/en\/","name":"ERYCK V\u00c9ZIAU, COURTIER IMMOBILIER LAVAL, COURTIER IMMOBILIER STE-DOROTH\u00c9E, MAISON \u00c0 VENDRE LAVAL, AGENT IMMOBILIER STE-DOROTH\u00c9E","description":"","publisher":{"@id":"https:\/\/eryckveziau.com\/en\/#organization"},"potentialAction":[{"@type":"SearchAction","target":{"@type":"EntryPoint","urlTemplate":"https:\/\/eryckveziau.com\/en\/?s={search_term_string}"},"query-input":{"@type":"PropertyValueSpecification","valueRequired":true,"valueName":"search_term_string"}}],"inLanguage":"en-US"},{"@type":"Organization","@id":"https:\/\/eryckveziau.com\/en\/#organization","name":"Eryck V\u00e9ziau RE\/MAX","url":"https:\/\/eryckveziau.com\/en\/","logo":{"@type":"ImageObject","inLanguage":"en-US","@id":"https:\/\/eryckveziau.com\/en\/#\/schema\/logo\/image\/","url":"https:\/\/eryckveziau.com\/files\/2022\/09\/PartageEveziau.png","contentUrl":"https:\/\/eryckveziau.com\/files\/2022\/09\/PartageEveziau.png","width":924,"height":454,"caption":"Eryck V\u00e9ziau RE\/MAX"},"image":{"@id":"https:\/\/eryckveziau.com\/en\/#\/schema\/logo\/image\/"},"sameAs":["https:\/\/www.facebook.com\/EryckVeziau.courtier.immobilier.ReMax.Laval","https:\/\/www.instagram.com\/eryck_veziau_remax\/","https:\/\/www.linkedin.com\/in\/eryck-v\u00e9ziau-6a445134\/","https:\/\/www.youtube.com\/user\/eveziau"]},{"@type":"Person","@id":"","url":"https:\/\/eryckveziau.com\/en\/author\/"}]}},"_links":{"self":[{"href":"https:\/\/eryckveziau.com\/en\/wp-json\/wp\/v2\/posts\/2309","targetHints":{"allow":["GET"]}}],"collection":[{"href":"https:\/\/eryckveziau.com\/en\/wp-json\/wp\/v2\/posts"}],"about":[{"href":"https:\/\/eryckveziau.com\/en\/wp-json\/wp\/v2\/types\/post"}],"author":[{"embeddable":true,"href":"https:\/\/eryckveziau.com\/en\/wp-json\/wp\/v2\/users\/285"}],"replies":[{"embeddable":true,"href":"https:\/\/eryckveziau.com\/en\/wp-json\/wp\/v2\/comments?post=2309"}],"version-history":[{"count":1,"href":"https:\/\/eryckveziau.com\/en\/wp-json\/wp\/v2\/posts\/2309\/revisions"}],"predecessor-version":[{"id":2310,"href":"https:\/\/eryckveziau.com\/en\/wp-json\/wp\/v2\/posts\/2309\/revisions\/2310"}],"wp:attachment":[{"href":"https:\/\/eryckveziau.com\/en\/wp-json\/wp\/v2\/media?parent=2309"}],"wp:term":[{"taxonomy":"category","embeddable":true,"href":"https:\/\/eryckveziau.com\/en\/wp-json\/wp\/v2\/categories?post=2309"},{"taxonomy":"post_tag","embeddable":true,"href":"https:\/\/eryckveziau.com\/en\/wp-json\/wp\/v2\/tags?post=2309"}],"curies":[{"name":"wp","href":"https:\/\/api.w.org\/{rel}","templated":true}]}}