{"id":2301,"date":"2015-09-29T09:50:11","date_gmt":"2015-09-29T13:50:11","guid":{"rendered":"\/?p=2301"},"modified":"2015-09-29T09:53:16","modified_gmt":"2015-09-29T13:53:16","slug":"tout-faire-ou-presque-pour-vendre-sa-maison","status":"publish","type":"post","link":"https:\/\/eryckveziau.com\/en\/non-classe\/tout-faire-ou-presque-pour-vendre-sa-maison\/","title":{"rendered":"Tout faire (ou presque) pour vendre sa maison"},"content":{"rendered":"<div class=\"socialShare desktopShare fixedShare\">\n<ul>\n<li class=\"mail\"><a href=\"mailto:?subject=Votre%20ami%28e%29%20vous%20recommande%20cet%20%C3%A9cran&amp;body=Votre%20ami%28e%29%20vous%20recommande%20cet%20%C3%A9cran%20provenant%20de%20La%20Presse%2B.%20Cliquez%20sur%20le%20lien%20suivant%20%3A%20http%3A%2F%2Fplus.lapresse.ca%2Fscreens%2F490fd498-493a-4e89-8cc3-0eecb274f6d8%257C_0.html%0A%0ALa%20Presse%2B%20propose%20une%20fa%C3%A7on%20unique%2C%20interactive%20et%20novatrice%20de%20lire%20La%20Presse%2B%20sur%20tablettes.%20D%C3%A9couvrez%20d%C3%A8s%20maintenant%20cette%20toute%20nouvelle%20exp%C3%A9rience%20d%27information.%0A%0AD%C3%A9couvrez%20La%20Presse%2B%0Ahttp%3A%2F%2Fplus.lapresse.ca\"> <span class=\"btn\"><img decoding=\"async\" src=\"http:\/\/plus.lapresse.ca\/sharingCdn\/img\/icons\/icoMail.png\" alt=\"Envoyer par Courriel\" \/><\/span> <\/a><\/li>\n<\/ul>\n<\/div>\n<div class=\"wrapper\">\n<div class=\"screenTitle\"><span class=\"section\">RENDEZ-VOUS IMMOBILIER<\/span><\/div>\n<div class=\"articles\">\n<article>\n<div class=\"articleTitle\">\n<h1>Tout faire (ou presque) pour vendre sa maison<\/h1>\n<\/div>\n<div class=\"articleAuthor\"><span class=\"author\">Maxime Bergeron<\/span> <span class=\"agency\">La Presse<\/span><\/div>\n<div class=\"articleContent\">\n<p>Un peu de d\u00e9sespoir, mais beaucoup d\u2019id\u00e9es. C\u2019est ce qui r\u00e9sume l\u2019\u00e9tat d\u2019esprit actuel d\u2019Arnaud Banel, un Montr\u00e9alais qui essaie par tous les moyens de vendre sa\u00a0maison d\u2019un quartier central depuis plus de six mois.<\/p>\n<p>L\u2019homme est persuad\u00e9 d\u2019avoir un excellent produit entre les mains. Sa maison de ville de 2620\u00a0pi<span class=\"contextmenu superscript\">2<\/span>, construite en 2013, offre quatre chambres \u00e0 coucher, deux garages chauff\u00e9s, deux terrasses et est situ\u00e9e non loin du m\u00e9tro Papineau.<\/p>\n<p>Mieux encore\u00a0:\u00a0son prix de vente est hautement concurrentiel, soit 258\u00a0$ du pied carr\u00e9. C\u2019est moiti\u00e9 moins que les condos neufs du centre-ville.<\/p>\n<\/div>\n<\/article>\n<\/div>\n<\/div>\n","protected":false},"excerpt":{"rendered":"<p>RENDEZ-VOUS IMMOBILIER Tout faire (ou presque) pour vendre sa maison Maxime Bergeron La Presse Un peu de d\u00e9sespoir, mais beaucoup d\u2019id\u00e9es. C\u2019est ce qui r\u00e9sume l\u2019\u00e9tat d\u2019esprit actuel d\u2019Arnaud Banel, un Montr\u00e9alais qui essaie par tous les moyens de vendre sa\u00a0maison d\u2019un quartier central depuis plus de six mois. L\u2019homme est persuad\u00e9 d\u2019avoir un excellent [&hellip;]<\/p>\n","protected":false},"author":285,"featured_media":0,"comment_status":"closed","ping_status":"closed","sticky":false,"template":"","format":"standard","meta":{"_acf_changed":false,"footnotes":""},"categories":[1],"tags":[],"class_list":["post-2301","post","type-post","status-publish","format-standard","hentry","category-non-classe"],"acf":[],"yoast_head":"<!-- This site is optimized with the Yoast SEO plugin v26.7 - https:\/\/yoast.com\/wordpress\/plugins\/seo\/ -->\n<title>Tout faire (ou presque) pour vendre sa maison | ERYCK V\u00c9ZIAU, COURTIER IMMOBILIER LAVAL, COURTIER IMMOBILIER STE-DOROTH\u00c9E, MAISON \u00c0 VENDRE LAVAL, AGENT IMMOBILIER STE-DOROTH\u00c9E<\/title>\n<meta name=\"robots\" content=\"index, follow, max-snippet:-1, max-image-preview:large, max-video-preview:-1\" \/>\n<link rel=\"canonical\" href=\"http:\/\/eryckveziau.com\/non-classe\/tout-faire-ou-presque-pour-vendre-sa-maison\/\" \/>\n<meta property=\"og:locale\" content=\"en_US\" \/>\n<meta property=\"og:type\" content=\"article\" \/>\n<meta property=\"og:title\" content=\"Tout faire (ou presque) pour vendre sa maison | ERYCK V\u00c9ZIAU, COURTIER IMMOBILIER LAVAL, COURTIER IMMOBILIER STE-DOROTH\u00c9E, MAISON \u00c0 VENDRE LAVAL, AGENT IMMOBILIER STE-DOROTH\u00c9E\" \/>\n<meta property=\"og:description\" content=\"RENDEZ-VOUS IMMOBILIER Tout faire (ou presque) pour vendre sa maison Maxime Bergeron La Presse Un peu de d\u00e9sespoir, mais beaucoup d\u2019id\u00e9es. C\u2019est ce qui r\u00e9sume l\u2019\u00e9tat d\u2019esprit actuel d\u2019Arnaud Banel, un Montr\u00e9alais qui essaie par tous les moyens de vendre sa\u00a0maison d\u2019un quartier central depuis plus de six mois. L\u2019homme est persuad\u00e9 d\u2019avoir un excellent [&hellip;]\" \/>\n<meta property=\"og:url\" content=\"http:\/\/eryckveziau.com\/non-classe\/tout-faire-ou-presque-pour-vendre-sa-maison\/\" \/>\n<meta property=\"og:site_name\" content=\"ERYCK V\u00c9ZIAU, COURTIER IMMOBILIER LAVAL, COURTIER IMMOBILIER STE-DOROTH\u00c9E, MAISON \u00c0 VENDRE LAVAL, AGENT IMMOBILIER STE-DOROTH\u00c9E\" \/>\n<meta property=\"article:publisher\" content=\"https:\/\/www.facebook.com\/EryckVeziau.courtier.immobilier.ReMax.Laval\" \/>\n<meta property=\"article:published_time\" content=\"2015-09-29T13:50:11+00:00\" \/>\n<meta property=\"article:modified_time\" content=\"2015-09-29T13:53:16+00:00\" \/>\n<meta property=\"og:image\" content=\"http:\/\/plus.lapresse.ca\/sharingCdn\/img\/icons\/icoMail.png\" \/>\n<meta name=\"twitter:card\" content=\"summary_large_image\" \/>\n<meta name=\"twitter:label1\" content=\"Written by\" \/>\n\t<meta name=\"twitter:data1\" content=\"\" \/>\n\t<meta name=\"twitter:label2\" content=\"Est. reading time\" \/>\n\t<meta name=\"twitter:data2\" content=\"1 minute\" \/>\n<script type=\"application\/ld+json\" class=\"yoast-schema-graph\">{\"@context\":\"https:\/\/schema.org\",\"@graph\":[{\"@type\":\"Article\",\"@id\":\"http:\/\/eryckveziau.com\/non-classe\/tout-faire-ou-presque-pour-vendre-sa-maison\/#article\",\"isPartOf\":{\"@id\":\"http:\/\/eryckveziau.com\/non-classe\/tout-faire-ou-presque-pour-vendre-sa-maison\/\"},\"author\":{\"name\":\"\",\"@id\":\"\"},\"headline\":\"Tout faire (ou presque) pour vendre sa maison\",\"datePublished\":\"2015-09-29T13:50:11+00:00\",\"dateModified\":\"2015-09-29T13:53:16+00:00\",\"mainEntityOfPage\":{\"@id\":\"http:\/\/eryckveziau.com\/non-classe\/tout-faire-ou-presque-pour-vendre-sa-maison\/\"},\"wordCount\":131,\"publisher\":{\"@id\":\"https:\/\/eryckveziau.com\/en\/#organization\"},\"image\":{\"@id\":\"http:\/\/eryckveziau.com\/non-classe\/tout-faire-ou-presque-pour-vendre-sa-maison\/#primaryimage\"},\"thumbnailUrl\":\"http:\/\/plus.lapresse.ca\/sharingCdn\/img\/icons\/icoMail.png\",\"articleSection\":[\"Non class\u00e9\"],\"inLanguage\":\"en-US\"},{\"@type\":\"WebPage\",\"@id\":\"http:\/\/eryckveziau.com\/non-classe\/tout-faire-ou-presque-pour-vendre-sa-maison\/\",\"url\":\"http:\/\/eryckveziau.com\/non-classe\/tout-faire-ou-presque-pour-vendre-sa-maison\/\",\"name\":\"Tout faire (ou presque) pour vendre sa maison | ERYCK V\u00c9ZIAU, COURTIER IMMOBILIER LAVAL, COURTIER IMMOBILIER STE-DOROTH\u00c9E, MAISON \u00c0 VENDRE LAVAL, AGENT IMMOBILIER STE-DOROTH\u00c9E\",\"isPartOf\":{\"@id\":\"https:\/\/eryckveziau.com\/en\/#website\"},\"primaryImageOfPage\":{\"@id\":\"http:\/\/eryckveziau.com\/non-classe\/tout-faire-ou-presque-pour-vendre-sa-maison\/#primaryimage\"},\"image\":{\"@id\":\"http:\/\/eryckveziau.com\/non-classe\/tout-faire-ou-presque-pour-vendre-sa-maison\/#primaryimage\"},\"thumbnailUrl\":\"http:\/\/plus.lapresse.ca\/sharingCdn\/img\/icons\/icoMail.png\",\"datePublished\":\"2015-09-29T13:50:11+00:00\",\"dateModified\":\"2015-09-29T13:53:16+00:00\",\"breadcrumb\":{\"@id\":\"http:\/\/eryckveziau.com\/non-classe\/tout-faire-ou-presque-pour-vendre-sa-maison\/#breadcrumb\"},\"inLanguage\":\"en-US\",\"potentialAction\":[{\"@type\":\"ReadAction\",\"target\":[\"http:\/\/eryckveziau.com\/non-classe\/tout-faire-ou-presque-pour-vendre-sa-maison\/\"]}]},{\"@type\":\"ImageObject\",\"inLanguage\":\"en-US\",\"@id\":\"http:\/\/eryckveziau.com\/non-classe\/tout-faire-ou-presque-pour-vendre-sa-maison\/#primaryimage\",\"url\":\"http:\/\/plus.lapresse.ca\/sharingCdn\/img\/icons\/icoMail.png\",\"contentUrl\":\"http:\/\/plus.lapresse.ca\/sharingCdn\/img\/icons\/icoMail.png\"},{\"@type\":\"BreadcrumbList\",\"@id\":\"http:\/\/eryckveziau.com\/non-classe\/tout-faire-ou-presque-pour-vendre-sa-maison\/#breadcrumb\",\"itemListElement\":[{\"@type\":\"ListItem\",\"position\":1,\"name\":\"Accueil\",\"item\":\"https:\/\/eryckveziau.com\/en\/\"},{\"@type\":\"ListItem\",\"position\":2,\"name\":\"Tout faire (ou presque) pour vendre sa maison\"}]},{\"@type\":\"WebSite\",\"@id\":\"https:\/\/eryckveziau.com\/en\/#website\",\"url\":\"https:\/\/eryckveziau.com\/en\/\",\"name\":\"ERYCK V\u00c9ZIAU, COURTIER IMMOBILIER LAVAL, COURTIER IMMOBILIER STE-DOROTH\u00c9E, MAISON \u00c0 VENDRE LAVAL, AGENT IMMOBILIER STE-DOROTH\u00c9E\",\"description\":\"\",\"publisher\":{\"@id\":\"https:\/\/eryckveziau.com\/en\/#organization\"},\"potentialAction\":[{\"@type\":\"SearchAction\",\"target\":{\"@type\":\"EntryPoint\",\"urlTemplate\":\"https:\/\/eryckveziau.com\/en\/?s={search_term_string}\"},\"query-input\":{\"@type\":\"PropertyValueSpecification\",\"valueRequired\":true,\"valueName\":\"search_term_string\"}}],\"inLanguage\":\"en-US\"},{\"@type\":\"Organization\",\"@id\":\"https:\/\/eryckveziau.com\/en\/#organization\",\"name\":\"Eryck V\u00e9ziau RE\/MAX\",\"url\":\"https:\/\/eryckveziau.com\/en\/\",\"logo\":{\"@type\":\"ImageObject\",\"inLanguage\":\"en-US\",\"@id\":\"https:\/\/eryckveziau.com\/en\/#\/schema\/logo\/image\/\",\"url\":\"https:\/\/eryckveziau.com\/files\/2022\/09\/PartageEveziau.png\",\"contentUrl\":\"https:\/\/eryckveziau.com\/files\/2022\/09\/PartageEveziau.png\",\"width\":924,\"height\":454,\"caption\":\"Eryck V\u00e9ziau RE\/MAX\"},\"image\":{\"@id\":\"https:\/\/eryckveziau.com\/en\/#\/schema\/logo\/image\/\"},\"sameAs\":[\"https:\/\/www.facebook.com\/EryckVeziau.courtier.immobilier.ReMax.Laval\",\"https:\/\/www.instagram.com\/eryck_veziau_remax\/\",\"https:\/\/www.linkedin.com\/in\/eryck-v\u00e9ziau-6a445134\/\",\"https:\/\/www.youtube.com\/user\/eveziau\"]},{\"@type\":\"Person\",\"@id\":\"\",\"url\":\"https:\/\/eryckveziau.com\/en\/author\/\"}]}<\/script>\n<!-- \/ Yoast SEO plugin. -->","yoast_head_json":{"title":"Tout faire (ou presque) pour vendre sa maison | ERYCK V\u00c9ZIAU, COURTIER IMMOBILIER LAVAL, COURTIER IMMOBILIER STE-DOROTH\u00c9E, MAISON \u00c0 VENDRE LAVAL, AGENT IMMOBILIER STE-DOROTH\u00c9E","robots":{"index":"index","follow":"follow","max-snippet":"max-snippet:-1","max-image-preview":"max-image-preview:large","max-video-preview":"max-video-preview:-1"},"canonical":"http:\/\/eryckveziau.com\/non-classe\/tout-faire-ou-presque-pour-vendre-sa-maison\/","og_locale":"en_US","og_type":"article","og_title":"Tout faire (ou presque) pour vendre sa maison | ERYCK V\u00c9ZIAU, COURTIER IMMOBILIER LAVAL, COURTIER IMMOBILIER STE-DOROTH\u00c9E, MAISON \u00c0 VENDRE LAVAL, AGENT IMMOBILIER STE-DOROTH\u00c9E","og_description":"RENDEZ-VOUS IMMOBILIER Tout faire (ou presque) pour vendre sa maison Maxime Bergeron La Presse Un peu de d\u00e9sespoir, mais beaucoup d\u2019id\u00e9es. C\u2019est ce qui r\u00e9sume l\u2019\u00e9tat d\u2019esprit actuel d\u2019Arnaud Banel, un Montr\u00e9alais qui essaie par tous les moyens de vendre sa\u00a0maison d\u2019un quartier central depuis plus de six mois. L\u2019homme est persuad\u00e9 d\u2019avoir un excellent [&hellip;]","og_url":"http:\/\/eryckveziau.com\/non-classe\/tout-faire-ou-presque-pour-vendre-sa-maison\/","og_site_name":"ERYCK V\u00c9ZIAU, COURTIER IMMOBILIER LAVAL, COURTIER IMMOBILIER STE-DOROTH\u00c9E, MAISON \u00c0 VENDRE LAVAL, AGENT IMMOBILIER STE-DOROTH\u00c9E","article_publisher":"https:\/\/www.facebook.com\/EryckVeziau.courtier.immobilier.ReMax.Laval","article_published_time":"2015-09-29T13:50:11+00:00","article_modified_time":"2015-09-29T13:53:16+00:00","og_image":[{"url":"http:\/\/plus.lapresse.ca\/sharingCdn\/img\/icons\/icoMail.png","type":"","width":"","height":""}],"twitter_card":"summary_large_image","twitter_misc":{"Written by":"","Est. reading time":"1 minute"},"schema":{"@context":"https:\/\/schema.org","@graph":[{"@type":"Article","@id":"http:\/\/eryckveziau.com\/non-classe\/tout-faire-ou-presque-pour-vendre-sa-maison\/#article","isPartOf":{"@id":"http:\/\/eryckveziau.com\/non-classe\/tout-faire-ou-presque-pour-vendre-sa-maison\/"},"author":{"name":"","@id":""},"headline":"Tout faire (ou presque) pour vendre sa maison","datePublished":"2015-09-29T13:50:11+00:00","dateModified":"2015-09-29T13:53:16+00:00","mainEntityOfPage":{"@id":"http:\/\/eryckveziau.com\/non-classe\/tout-faire-ou-presque-pour-vendre-sa-maison\/"},"wordCount":131,"publisher":{"@id":"https:\/\/eryckveziau.com\/en\/#organization"},"image":{"@id":"http:\/\/eryckveziau.com\/non-classe\/tout-faire-ou-presque-pour-vendre-sa-maison\/#primaryimage"},"thumbnailUrl":"http:\/\/plus.lapresse.ca\/sharingCdn\/img\/icons\/icoMail.png","articleSection":["Non class\u00e9"],"inLanguage":"en-US"},{"@type":"WebPage","@id":"http:\/\/eryckveziau.com\/non-classe\/tout-faire-ou-presque-pour-vendre-sa-maison\/","url":"http:\/\/eryckveziau.com\/non-classe\/tout-faire-ou-presque-pour-vendre-sa-maison\/","name":"Tout faire (ou presque) pour vendre sa maison | ERYCK V\u00c9ZIAU, COURTIER IMMOBILIER LAVAL, COURTIER IMMOBILIER STE-DOROTH\u00c9E, MAISON \u00c0 VENDRE LAVAL, AGENT IMMOBILIER STE-DOROTH\u00c9E","isPartOf":{"@id":"https:\/\/eryckveziau.com\/en\/#website"},"primaryImageOfPage":{"@id":"http:\/\/eryckveziau.com\/non-classe\/tout-faire-ou-presque-pour-vendre-sa-maison\/#primaryimage"},"image":{"@id":"http:\/\/eryckveziau.com\/non-classe\/tout-faire-ou-presque-pour-vendre-sa-maison\/#primaryimage"},"thumbnailUrl":"http:\/\/plus.lapresse.ca\/sharingCdn\/img\/icons\/icoMail.png","datePublished":"2015-09-29T13:50:11+00:00","dateModified":"2015-09-29T13:53:16+00:00","breadcrumb":{"@id":"http:\/\/eryckveziau.com\/non-classe\/tout-faire-ou-presque-pour-vendre-sa-maison\/#breadcrumb"},"inLanguage":"en-US","potentialAction":[{"@type":"ReadAction","target":["http:\/\/eryckveziau.com\/non-classe\/tout-faire-ou-presque-pour-vendre-sa-maison\/"]}]},{"@type":"ImageObject","inLanguage":"en-US","@id":"http:\/\/eryckveziau.com\/non-classe\/tout-faire-ou-presque-pour-vendre-sa-maison\/#primaryimage","url":"http:\/\/plus.lapresse.ca\/sharingCdn\/img\/icons\/icoMail.png","contentUrl":"http:\/\/plus.lapresse.ca\/sharingCdn\/img\/icons\/icoMail.png"},{"@type":"BreadcrumbList","@id":"http:\/\/eryckveziau.com\/non-classe\/tout-faire-ou-presque-pour-vendre-sa-maison\/#breadcrumb","itemListElement":[{"@type":"ListItem","position":1,"name":"Accueil","item":"https:\/\/eryckveziau.com\/en\/"},{"@type":"ListItem","position":2,"name":"Tout faire (ou presque) pour vendre sa maison"}]},{"@type":"WebSite","@id":"https:\/\/eryckveziau.com\/en\/#website","url":"https:\/\/eryckveziau.com\/en\/","name":"ERYCK V\u00c9ZIAU, COURTIER IMMOBILIER LAVAL, COURTIER IMMOBILIER STE-DOROTH\u00c9E, MAISON \u00c0 VENDRE LAVAL, AGENT IMMOBILIER STE-DOROTH\u00c9E","description":"","publisher":{"@id":"https:\/\/eryckveziau.com\/en\/#organization"},"potentialAction":[{"@type":"SearchAction","target":{"@type":"EntryPoint","urlTemplate":"https:\/\/eryckveziau.com\/en\/?s={search_term_string}"},"query-input":{"@type":"PropertyValueSpecification","valueRequired":true,"valueName":"search_term_string"}}],"inLanguage":"en-US"},{"@type":"Organization","@id":"https:\/\/eryckveziau.com\/en\/#organization","name":"Eryck V\u00e9ziau RE\/MAX","url":"https:\/\/eryckveziau.com\/en\/","logo":{"@type":"ImageObject","inLanguage":"en-US","@id":"https:\/\/eryckveziau.com\/en\/#\/schema\/logo\/image\/","url":"https:\/\/eryckveziau.com\/files\/2022\/09\/PartageEveziau.png","contentUrl":"https:\/\/eryckveziau.com\/files\/2022\/09\/PartageEveziau.png","width":924,"height":454,"caption":"Eryck V\u00e9ziau RE\/MAX"},"image":{"@id":"https:\/\/eryckveziau.com\/en\/#\/schema\/logo\/image\/"},"sameAs":["https:\/\/www.facebook.com\/EryckVeziau.courtier.immobilier.ReMax.Laval","https:\/\/www.instagram.com\/eryck_veziau_remax\/","https:\/\/www.linkedin.com\/in\/eryck-v\u00e9ziau-6a445134\/","https:\/\/www.youtube.com\/user\/eveziau"]},{"@type":"Person","@id":"","url":"https:\/\/eryckveziau.com\/en\/author\/"}]}},"_links":{"self":[{"href":"https:\/\/eryckveziau.com\/en\/wp-json\/wp\/v2\/posts\/2301","targetHints":{"allow":["GET"]}}],"collection":[{"href":"https:\/\/eryckveziau.com\/en\/wp-json\/wp\/v2\/posts"}],"about":[{"href":"https:\/\/eryckveziau.com\/en\/wp-json\/wp\/v2\/types\/post"}],"author":[{"embeddable":true,"href":"https:\/\/eryckveziau.com\/en\/wp-json\/wp\/v2\/users\/285"}],"replies":[{"embeddable":true,"href":"https:\/\/eryckveziau.com\/en\/wp-json\/wp\/v2\/comments?post=2301"}],"version-history":[{"count":1,"href":"https:\/\/eryckveziau.com\/en\/wp-json\/wp\/v2\/posts\/2301\/revisions"}],"predecessor-version":[{"id":2302,"href":"https:\/\/eryckveziau.com\/en\/wp-json\/wp\/v2\/posts\/2301\/revisions\/2302"}],"wp:attachment":[{"href":"https:\/\/eryckveziau.com\/en\/wp-json\/wp\/v2\/media?parent=2301"}],"wp:term":[{"taxonomy":"category","embeddable":true,"href":"https:\/\/eryckveziau.com\/en\/wp-json\/wp\/v2\/categories?post=2301"},{"taxonomy":"post_tag","embeddable":true,"href":"https:\/\/eryckveziau.com\/en\/wp-json\/wp\/v2\/tags?post=2301"}],"curies":[{"name":"wp","href":"https:\/\/api.w.org\/{rel}","templated":true}]}}