{"id":2295,"date":"2015-09-28T09:26:27","date_gmt":"2015-09-28T13:26:27","guid":{"rendered":"\/?p=2295"},"modified":"2015-09-28T09:27:26","modified_gmt":"2015-09-28T13:27:26","slug":"relevement-probable-des-taux-avant-la-fin-de-lannee","status":"publish","type":"post","link":"https:\/\/eryckveziau.com\/en\/non-classe\/relevement-probable-des-taux-avant-la-fin-de-lannee\/","title":{"rendered":"Rel\u00e8vement probable des taux avant la fin de l\u2019ann\u00e9e"},"content":{"rendered":"<p>Washington \u2014 La pr\u00e9sidente de la banque centrale am\u00e9ricaine, Janet Yellen, a affirm\u00e9 jeudi que la Fed commencerait <em>\u00ab<\/em><em>\u00a0<\/em><em>probablement<\/em><em>\u00a0<\/em><em>\u00bb<\/em> \u00e0 relever ses taux d\u2019int\u00e9r\u00eat <em>\u00ab<\/em><em>\u00a0<\/em><em>plus tard dans l\u2019ann\u00e9e<\/em><em>\u00a0<\/em><em>\u00bb<\/em> et que les d\u00e9veloppements \u00e9conomiques \u00e0 l\u2019\u00e9tranger ne devraient gu\u00e8re influencer sa d\u00e9cision.<\/p>\n<p>&nbsp;<\/p>\n<p><em>\u00ab<\/em><em>\u00a0<\/em><em>La plupart des membres du Comit\u00e9, dont moi-m\u00eame, pr\u00e9voyons pour l\u2019instant que les conditions <\/em>[\u2026]<em> vont probablement permettre une premi\u00e8re hausse des taux sur les fonds f\u00e9d\u00e9raux plus tard cette ann\u00e9e, suivie par un rythme graduel de resserrement des taux ensuite<\/em><em>\u00a0<\/em><em>\u00bb<\/em>, a indiqu\u00e9 Mme\u00a0Yellen dans un discours \u00e0 l\u2019Universit\u00e9 du Massachusetts. La patronne de la Fed a aussi affirm\u00e9 que la banque centrale surveillait les d\u00e9veloppements \u00e0 l\u2019\u00e9tranger mais ne pr\u00e9voyait pas, <em>\u00ab<\/em><em>\u00a0<\/em><em>pour l\u2019instant, que leur impact sur l\u2019\u00e9conomie des \u00c9tats-Unis soit suffisamment important pour avoir un effet significatif sur la trajectoire<\/em><em>\u00a0<\/em><em>\u00bb<\/em> de la politique mon\u00e9taire.<\/p>\n","protected":false},"excerpt":{"rendered":"<p>Washington \u2014 La pr\u00e9sidente de la banque centrale am\u00e9ricaine, Janet Yellen, a affirm\u00e9 jeudi que la Fed commencerait \u00ab\u00a0probablement\u00a0\u00bb \u00e0 relever ses taux d\u2019int\u00e9r\u00eat \u00ab\u00a0plus tard dans l\u2019ann\u00e9e\u00a0\u00bb et que les d\u00e9veloppements \u00e9conomiques \u00e0 l\u2019\u00e9tranger ne devraient gu\u00e8re influencer sa d\u00e9cision. &nbsp; \u00ab\u00a0La plupart des membres du Comit\u00e9, dont moi-m\u00eame, pr\u00e9voyons pour l\u2019instant que les [&hellip;]<\/p>\n","protected":false},"author":285,"featured_media":0,"comment_status":"closed","ping_status":"closed","sticky":false,"template":"","format":"standard","meta":{"_acf_changed":false,"footnotes":""},"categories":[1],"tags":[],"class_list":["post-2295","post","type-post","status-publish","format-standard","hentry","category-non-classe"],"acf":[],"yoast_head":"<!-- This site is optimized with the Yoast SEO plugin v26.7 - https:\/\/yoast.com\/wordpress\/plugins\/seo\/ -->\n<title>Rel\u00e8vement probable des taux avant la fin de l\u2019ann\u00e9e | ERYCK V\u00c9ZIAU, COURTIER IMMOBILIER LAVAL, COURTIER IMMOBILIER STE-DOROTH\u00c9E, MAISON \u00c0 VENDRE LAVAL, AGENT IMMOBILIER STE-DOROTH\u00c9E<\/title>\n<meta name=\"robots\" content=\"index, follow, max-snippet:-1, max-image-preview:large, max-video-preview:-1\" \/>\n<link rel=\"canonical\" href=\"http:\/\/eryckveziau.com\/non-classe\/relevement-probable-des-taux-avant-la-fin-de-lannee\/\" \/>\n<meta property=\"og:locale\" content=\"en_US\" \/>\n<meta property=\"og:type\" content=\"article\" \/>\n<meta property=\"og:title\" content=\"Rel\u00e8vement probable des taux avant la fin de l\u2019ann\u00e9e | ERYCK V\u00c9ZIAU, COURTIER IMMOBILIER LAVAL, COURTIER IMMOBILIER STE-DOROTH\u00c9E, MAISON \u00c0 VENDRE LAVAL, AGENT IMMOBILIER STE-DOROTH\u00c9E\" \/>\n<meta property=\"og:description\" content=\"Washington \u2014 La pr\u00e9sidente de la banque centrale am\u00e9ricaine, Janet Yellen, a affirm\u00e9 jeudi que la Fed commencerait \u00ab\u00a0probablement\u00a0\u00bb \u00e0 relever ses taux d\u2019int\u00e9r\u00eat \u00ab\u00a0plus tard dans l\u2019ann\u00e9e\u00a0\u00bb et que les d\u00e9veloppements \u00e9conomiques \u00e0 l\u2019\u00e9tranger ne devraient gu\u00e8re influencer sa d\u00e9cision. &nbsp; \u00ab\u00a0La plupart des membres du Comit\u00e9, dont moi-m\u00eame, pr\u00e9voyons pour l\u2019instant que les [&hellip;]\" \/>\n<meta property=\"og:url\" content=\"http:\/\/eryckveziau.com\/non-classe\/relevement-probable-des-taux-avant-la-fin-de-lannee\/\" \/>\n<meta property=\"og:site_name\" content=\"ERYCK V\u00c9ZIAU, COURTIER IMMOBILIER LAVAL, COURTIER IMMOBILIER STE-DOROTH\u00c9E, MAISON \u00c0 VENDRE LAVAL, AGENT IMMOBILIER STE-DOROTH\u00c9E\" \/>\n<meta property=\"article:publisher\" content=\"https:\/\/www.facebook.com\/EryckVeziau.courtier.immobilier.ReMax.Laval\" \/>\n<meta property=\"article:published_time\" content=\"2015-09-28T13:26:27+00:00\" \/>\n<meta property=\"article:modified_time\" content=\"2015-09-28T13:27:26+00:00\" \/>\n<meta property=\"og:image\" content=\"https:\/\/eryckveziau.com\/files\/2022\/09\/PartageEveziau.png\" \/>\n\t<meta property=\"og:image:width\" content=\"924\" \/>\n\t<meta property=\"og:image:height\" content=\"454\" \/>\n\t<meta property=\"og:image:type\" content=\"image\/png\" \/>\n<meta name=\"twitter:card\" content=\"summary_large_image\" \/>\n<meta name=\"twitter:label1\" content=\"Written by\" \/>\n\t<meta name=\"twitter:data1\" content=\"\" \/>\n\t<meta name=\"twitter:label2\" content=\"Est. reading time\" \/>\n\t<meta name=\"twitter:data2\" content=\"1 minute\" \/>\n<script type=\"application\/ld+json\" class=\"yoast-schema-graph\">{\"@context\":\"https:\/\/schema.org\",\"@graph\":[{\"@type\":\"Article\",\"@id\":\"http:\/\/eryckveziau.com\/non-classe\/relevement-probable-des-taux-avant-la-fin-de-lannee\/#article\",\"isPartOf\":{\"@id\":\"http:\/\/eryckveziau.com\/non-classe\/relevement-probable-des-taux-avant-la-fin-de-lannee\/\"},\"author\":{\"name\":\"\",\"@id\":\"\"},\"headline\":\"Rel\u00e8vement probable des taux avant la fin de l\u2019ann\u00e9e\",\"datePublished\":\"2015-09-28T13:26:27+00:00\",\"dateModified\":\"2015-09-28T13:27:26+00:00\",\"mainEntityOfPage\":{\"@id\":\"http:\/\/eryckveziau.com\/non-classe\/relevement-probable-des-taux-avant-la-fin-de-lannee\/\"},\"wordCount\":170,\"publisher\":{\"@id\":\"https:\/\/eryckveziau.com\/en\/#organization\"},\"articleSection\":[\"Non class\u00e9\"],\"inLanguage\":\"en-US\"},{\"@type\":\"WebPage\",\"@id\":\"http:\/\/eryckveziau.com\/non-classe\/relevement-probable-des-taux-avant-la-fin-de-lannee\/\",\"url\":\"http:\/\/eryckveziau.com\/non-classe\/relevement-probable-des-taux-avant-la-fin-de-lannee\/\",\"name\":\"Rel\u00e8vement probable des taux avant la fin de l\u2019ann\u00e9e | ERYCK V\u00c9ZIAU, COURTIER IMMOBILIER LAVAL, COURTIER IMMOBILIER STE-DOROTH\u00c9E, MAISON \u00c0 VENDRE LAVAL, AGENT IMMOBILIER STE-DOROTH\u00c9E\",\"isPartOf\":{\"@id\":\"https:\/\/eryckveziau.com\/en\/#website\"},\"datePublished\":\"2015-09-28T13:26:27+00:00\",\"dateModified\":\"2015-09-28T13:27:26+00:00\",\"breadcrumb\":{\"@id\":\"http:\/\/eryckveziau.com\/non-classe\/relevement-probable-des-taux-avant-la-fin-de-lannee\/#breadcrumb\"},\"inLanguage\":\"en-US\",\"potentialAction\":[{\"@type\":\"ReadAction\",\"target\":[\"http:\/\/eryckveziau.com\/non-classe\/relevement-probable-des-taux-avant-la-fin-de-lannee\/\"]}]},{\"@type\":\"BreadcrumbList\",\"@id\":\"http:\/\/eryckveziau.com\/non-classe\/relevement-probable-des-taux-avant-la-fin-de-lannee\/#breadcrumb\",\"itemListElement\":[{\"@type\":\"ListItem\",\"position\":1,\"name\":\"Accueil\",\"item\":\"https:\/\/eryckveziau.com\/en\/\"},{\"@type\":\"ListItem\",\"position\":2,\"name\":\"Rel\u00e8vement probable des taux avant la fin de l\u2019ann\u00e9e\"}]},{\"@type\":\"WebSite\",\"@id\":\"https:\/\/eryckveziau.com\/en\/#website\",\"url\":\"https:\/\/eryckveziau.com\/en\/\",\"name\":\"ERYCK V\u00c9ZIAU, COURTIER IMMOBILIER LAVAL, COURTIER IMMOBILIER STE-DOROTH\u00c9E, MAISON \u00c0 VENDRE LAVAL, AGENT IMMOBILIER STE-DOROTH\u00c9E\",\"description\":\"\",\"publisher\":{\"@id\":\"https:\/\/eryckveziau.com\/en\/#organization\"},\"potentialAction\":[{\"@type\":\"SearchAction\",\"target\":{\"@type\":\"EntryPoint\",\"urlTemplate\":\"https:\/\/eryckveziau.com\/en\/?s={search_term_string}\"},\"query-input\":{\"@type\":\"PropertyValueSpecification\",\"valueRequired\":true,\"valueName\":\"search_term_string\"}}],\"inLanguage\":\"en-US\"},{\"@type\":\"Organization\",\"@id\":\"https:\/\/eryckveziau.com\/en\/#organization\",\"name\":\"Eryck V\u00e9ziau RE\/MAX\",\"url\":\"https:\/\/eryckveziau.com\/en\/\",\"logo\":{\"@type\":\"ImageObject\",\"inLanguage\":\"en-US\",\"@id\":\"https:\/\/eryckveziau.com\/en\/#\/schema\/logo\/image\/\",\"url\":\"https:\/\/eryckveziau.com\/files\/2022\/09\/PartageEveziau.png\",\"contentUrl\":\"https:\/\/eryckveziau.com\/files\/2022\/09\/PartageEveziau.png\",\"width\":924,\"height\":454,\"caption\":\"Eryck V\u00e9ziau RE\/MAX\"},\"image\":{\"@id\":\"https:\/\/eryckveziau.com\/en\/#\/schema\/logo\/image\/\"},\"sameAs\":[\"https:\/\/www.facebook.com\/EryckVeziau.courtier.immobilier.ReMax.Laval\",\"https:\/\/www.instagram.com\/eryck_veziau_remax\/\",\"https:\/\/www.linkedin.com\/in\/eryck-v\u00e9ziau-6a445134\/\",\"https:\/\/www.youtube.com\/user\/eveziau\"]},{\"@type\":\"Person\",\"@id\":\"\",\"url\":\"https:\/\/eryckveziau.com\/en\/author\/\"}]}<\/script>\n<!-- \/ Yoast SEO plugin. -->","yoast_head_json":{"title":"Rel\u00e8vement probable des taux avant la fin de l\u2019ann\u00e9e | ERYCK V\u00c9ZIAU, COURTIER IMMOBILIER LAVAL, COURTIER IMMOBILIER STE-DOROTH\u00c9E, MAISON \u00c0 VENDRE LAVAL, AGENT IMMOBILIER STE-DOROTH\u00c9E","robots":{"index":"index","follow":"follow","max-snippet":"max-snippet:-1","max-image-preview":"max-image-preview:large","max-video-preview":"max-video-preview:-1"},"canonical":"http:\/\/eryckveziau.com\/non-classe\/relevement-probable-des-taux-avant-la-fin-de-lannee\/","og_locale":"en_US","og_type":"article","og_title":"Rel\u00e8vement probable des taux avant la fin de l\u2019ann\u00e9e | ERYCK V\u00c9ZIAU, COURTIER IMMOBILIER LAVAL, COURTIER IMMOBILIER STE-DOROTH\u00c9E, MAISON \u00c0 VENDRE LAVAL, AGENT IMMOBILIER STE-DOROTH\u00c9E","og_description":"Washington \u2014 La pr\u00e9sidente de la banque centrale am\u00e9ricaine, Janet Yellen, a affirm\u00e9 jeudi que la Fed commencerait \u00ab\u00a0probablement\u00a0\u00bb \u00e0 relever ses taux d\u2019int\u00e9r\u00eat \u00ab\u00a0plus tard dans l\u2019ann\u00e9e\u00a0\u00bb et que les d\u00e9veloppements \u00e9conomiques \u00e0 l\u2019\u00e9tranger ne devraient gu\u00e8re influencer sa d\u00e9cision. &nbsp; \u00ab\u00a0La plupart des membres du Comit\u00e9, dont moi-m\u00eame, pr\u00e9voyons pour l\u2019instant que les [&hellip;]","og_url":"http:\/\/eryckveziau.com\/non-classe\/relevement-probable-des-taux-avant-la-fin-de-lannee\/","og_site_name":"ERYCK V\u00c9ZIAU, COURTIER IMMOBILIER LAVAL, COURTIER IMMOBILIER STE-DOROTH\u00c9E, MAISON \u00c0 VENDRE LAVAL, AGENT IMMOBILIER STE-DOROTH\u00c9E","article_publisher":"https:\/\/www.facebook.com\/EryckVeziau.courtier.immobilier.ReMax.Laval","article_published_time":"2015-09-28T13:26:27+00:00","article_modified_time":"2015-09-28T13:27:26+00:00","og_image":[{"width":924,"height":454,"url":"https:\/\/eryckveziau.com\/files\/2022\/09\/PartageEveziau.png","type":"image\/png"}],"twitter_card":"summary_large_image","twitter_misc":{"Written by":"","Est. reading time":"1 minute"},"schema":{"@context":"https:\/\/schema.org","@graph":[{"@type":"Article","@id":"http:\/\/eryckveziau.com\/non-classe\/relevement-probable-des-taux-avant-la-fin-de-lannee\/#article","isPartOf":{"@id":"http:\/\/eryckveziau.com\/non-classe\/relevement-probable-des-taux-avant-la-fin-de-lannee\/"},"author":{"name":"","@id":""},"headline":"Rel\u00e8vement probable des taux avant la fin de l\u2019ann\u00e9e","datePublished":"2015-09-28T13:26:27+00:00","dateModified":"2015-09-28T13:27:26+00:00","mainEntityOfPage":{"@id":"http:\/\/eryckveziau.com\/non-classe\/relevement-probable-des-taux-avant-la-fin-de-lannee\/"},"wordCount":170,"publisher":{"@id":"https:\/\/eryckveziau.com\/en\/#organization"},"articleSection":["Non class\u00e9"],"inLanguage":"en-US"},{"@type":"WebPage","@id":"http:\/\/eryckveziau.com\/non-classe\/relevement-probable-des-taux-avant-la-fin-de-lannee\/","url":"http:\/\/eryckveziau.com\/non-classe\/relevement-probable-des-taux-avant-la-fin-de-lannee\/","name":"Rel\u00e8vement probable des taux avant la fin de l\u2019ann\u00e9e | ERYCK V\u00c9ZIAU, COURTIER IMMOBILIER LAVAL, COURTIER IMMOBILIER STE-DOROTH\u00c9E, MAISON \u00c0 VENDRE LAVAL, AGENT IMMOBILIER STE-DOROTH\u00c9E","isPartOf":{"@id":"https:\/\/eryckveziau.com\/en\/#website"},"datePublished":"2015-09-28T13:26:27+00:00","dateModified":"2015-09-28T13:27:26+00:00","breadcrumb":{"@id":"http:\/\/eryckveziau.com\/non-classe\/relevement-probable-des-taux-avant-la-fin-de-lannee\/#breadcrumb"},"inLanguage":"en-US","potentialAction":[{"@type":"ReadAction","target":["http:\/\/eryckveziau.com\/non-classe\/relevement-probable-des-taux-avant-la-fin-de-lannee\/"]}]},{"@type":"BreadcrumbList","@id":"http:\/\/eryckveziau.com\/non-classe\/relevement-probable-des-taux-avant-la-fin-de-lannee\/#breadcrumb","itemListElement":[{"@type":"ListItem","position":1,"name":"Accueil","item":"https:\/\/eryckveziau.com\/en\/"},{"@type":"ListItem","position":2,"name":"Rel\u00e8vement probable des taux avant la fin de l\u2019ann\u00e9e"}]},{"@type":"WebSite","@id":"https:\/\/eryckveziau.com\/en\/#website","url":"https:\/\/eryckveziau.com\/en\/","name":"ERYCK V\u00c9ZIAU, COURTIER IMMOBILIER LAVAL, COURTIER IMMOBILIER STE-DOROTH\u00c9E, MAISON \u00c0 VENDRE LAVAL, AGENT IMMOBILIER STE-DOROTH\u00c9E","description":"","publisher":{"@id":"https:\/\/eryckveziau.com\/en\/#organization"},"potentialAction":[{"@type":"SearchAction","target":{"@type":"EntryPoint","urlTemplate":"https:\/\/eryckveziau.com\/en\/?s={search_term_string}"},"query-input":{"@type":"PropertyValueSpecification","valueRequired":true,"valueName":"search_term_string"}}],"inLanguage":"en-US"},{"@type":"Organization","@id":"https:\/\/eryckveziau.com\/en\/#organization","name":"Eryck V\u00e9ziau RE\/MAX","url":"https:\/\/eryckveziau.com\/en\/","logo":{"@type":"ImageObject","inLanguage":"en-US","@id":"https:\/\/eryckveziau.com\/en\/#\/schema\/logo\/image\/","url":"https:\/\/eryckveziau.com\/files\/2022\/09\/PartageEveziau.png","contentUrl":"https:\/\/eryckveziau.com\/files\/2022\/09\/PartageEveziau.png","width":924,"height":454,"caption":"Eryck V\u00e9ziau RE\/MAX"},"image":{"@id":"https:\/\/eryckveziau.com\/en\/#\/schema\/logo\/image\/"},"sameAs":["https:\/\/www.facebook.com\/EryckVeziau.courtier.immobilier.ReMax.Laval","https:\/\/www.instagram.com\/eryck_veziau_remax\/","https:\/\/www.linkedin.com\/in\/eryck-v\u00e9ziau-6a445134\/","https:\/\/www.youtube.com\/user\/eveziau"]},{"@type":"Person","@id":"","url":"https:\/\/eryckveziau.com\/en\/author\/"}]}},"_links":{"self":[{"href":"https:\/\/eryckveziau.com\/en\/wp-json\/wp\/v2\/posts\/2295","targetHints":{"allow":["GET"]}}],"collection":[{"href":"https:\/\/eryckveziau.com\/en\/wp-json\/wp\/v2\/posts"}],"about":[{"href":"https:\/\/eryckveziau.com\/en\/wp-json\/wp\/v2\/types\/post"}],"author":[{"embeddable":true,"href":"https:\/\/eryckveziau.com\/en\/wp-json\/wp\/v2\/users\/285"}],"replies":[{"embeddable":true,"href":"https:\/\/eryckveziau.com\/en\/wp-json\/wp\/v2\/comments?post=2295"}],"version-history":[{"count":1,"href":"https:\/\/eryckveziau.com\/en\/wp-json\/wp\/v2\/posts\/2295\/revisions"}],"predecessor-version":[{"id":2296,"href":"https:\/\/eryckveziau.com\/en\/wp-json\/wp\/v2\/posts\/2295\/revisions\/2296"}],"wp:attachment":[{"href":"https:\/\/eryckveziau.com\/en\/wp-json\/wp\/v2\/media?parent=2295"}],"wp:term":[{"taxonomy":"category","embeddable":true,"href":"https:\/\/eryckveziau.com\/en\/wp-json\/wp\/v2\/categories?post=2295"},{"taxonomy":"post_tag","embeddable":true,"href":"https:\/\/eryckveziau.com\/en\/wp-json\/wp\/v2\/tags?post=2295"}],"curies":[{"name":"wp","href":"https:\/\/api.w.org\/{rel}","templated":true}]}}