{"id":2277,"date":"2015-09-23T14:50:22","date_gmt":"2015-09-23T18:50:22","guid":{"rendered":"\/?p=2277"},"modified":"2015-09-23T14:53:44","modified_gmt":"2015-09-23T18:53:44","slug":"chauffage-a-la-bienergie-est-ce-que-ca-vaut-le-coup","status":"publish","type":"post","link":"https:\/\/eryckveziau.com\/en\/non-classe\/chauffage-a-la-bienergie-est-ce-que-ca-vaut-le-coup\/","title":{"rendered":"Chauffage \u00e0 la bi\u00e9nergie: est-ce que \u00e7a vaut le coup?"},"content":{"rendered":"<p><strong>Vous faites partie des 120 000 clients r\u00e9sidentiels d\u2019Hydro-Qu\u00e9bec qui sont abonn\u00e9s au tarif bi\u00e9nergie (tarif DT)?<\/strong><\/p>\n<p>&nbsp;<\/p>\n<p>Les clients au tarif DT utilisent un syst\u00e8me de chauffage con\u00e7u de telle sorte que l\u2019\u00e9lectricit\u00e9 est utilis\u00e9e comme source principale d\u2019\u00e9nergie et un combustible, souvent le mazout, comme source d\u2019appoint. Un commutateur reli\u00e9 \u00e0 une sonde thermique permet le transfert automatique du syst\u00e8me vers la source d\u2019appoint lorsque la temp\u00e9rature est inf\u00e9rieure \u00e0 \u221212 \u00b0C ou \u00e0 \u221215 \u00b0C, selon les zones climatiques d\u00e9finies par Hydro-Qu\u00e9bec (pour simplifier, nous parlerons de \u221212 \u00b0C).<\/p>\n","protected":false},"excerpt":{"rendered":"<p>Vous faites partie des 120 000 clients r\u00e9sidentiels d\u2019Hydro-Qu\u00e9bec qui sont abonn\u00e9s au tarif bi\u00e9nergie (tarif DT)? &nbsp; Les clients au tarif DT utilisent un syst\u00e8me de chauffage con\u00e7u de telle sorte que l\u2019\u00e9lectricit\u00e9 est utilis\u00e9e comme source principale d\u2019\u00e9nergie et un combustible, souvent le mazout, comme source d\u2019appoint. Un commutateur reli\u00e9 \u00e0 une sonde [&hellip;]<\/p>\n","protected":false},"author":285,"featured_media":0,"comment_status":"closed","ping_status":"closed","sticky":false,"template":"","format":"standard","meta":{"_acf_changed":false,"footnotes":""},"categories":[1],"tags":[28,24,30,18,42,26,40,11,14,10,16,6,41,34,31,32,15,38,9],"class_list":["post-2277","post","type-post","status-publish","format-standard","hentry","category-non-classe","tag-agent-immobilier-a-laval","tag-agent-immobilier-laval","tag-agent-immobilier-remax-laval","tag-condo-a-vendre-ste-dorothee","tag-condos-a-vendre-ste-dorothee","tag-courtier-immobilier-remax-laval","tag-courtier-immobilier-st-eustache","tag-garderie-ste-dorothee","tag-immobilier-laval","tag-laval","tag-maison-a-vendre-laval","tag-maison-a-vendre-laval-et-ste-dorothee","tag-maisons-a-vendre-ste-dorothee","tag-meilleur-agent-immobilier-laval","tag-mls-laval","tag-mls-ca-laval","tag-real-estate-broker-laval","tag-real-estate-broker-ste-dorothee","tag-ste-dorothee"],"acf":[],"yoast_head":"<!-- This site is optimized with the Yoast SEO plugin v26.7 - https:\/\/yoast.com\/wordpress\/plugins\/seo\/ -->\n<title>Chauffage \u00e0 la bi\u00e9nergie: est-ce que \u00e7a vaut le coup? | ERYCK V\u00c9ZIAU, COURTIER IMMOBILIER LAVAL, COURTIER IMMOBILIER STE-DOROTH\u00c9E, MAISON \u00c0 VENDRE LAVAL, AGENT IMMOBILIER STE-DOROTH\u00c9E<\/title>\n<meta name=\"robots\" content=\"index, follow, max-snippet:-1, max-image-preview:large, max-video-preview:-1\" \/>\n<link rel=\"canonical\" href=\"http:\/\/eryckveziau.com\/non-classe\/chauffage-a-la-bienergie-est-ce-que-ca-vaut-le-coup\/\" \/>\n<meta property=\"og:locale\" content=\"en_US\" \/>\n<meta property=\"og:type\" content=\"article\" \/>\n<meta property=\"og:title\" content=\"Chauffage \u00e0 la bi\u00e9nergie: est-ce que \u00e7a vaut le coup? | ERYCK V\u00c9ZIAU, COURTIER IMMOBILIER LAVAL, COURTIER IMMOBILIER STE-DOROTH\u00c9E, MAISON \u00c0 VENDRE LAVAL, AGENT IMMOBILIER STE-DOROTH\u00c9E\" \/>\n<meta property=\"og:description\" content=\"Vous faites partie des 120 000 clients r\u00e9sidentiels d\u2019Hydro-Qu\u00e9bec qui sont abonn\u00e9s au tarif bi\u00e9nergie (tarif DT)? &nbsp; Les clients au tarif DT utilisent un syst\u00e8me de chauffage con\u00e7u de telle sorte que l\u2019\u00e9lectricit\u00e9 est utilis\u00e9e comme source principale d\u2019\u00e9nergie et un combustible, souvent le mazout, comme source d\u2019appoint. Un commutateur reli\u00e9 \u00e0 une sonde [&hellip;]\" \/>\n<meta property=\"og:url\" content=\"http:\/\/eryckveziau.com\/non-classe\/chauffage-a-la-bienergie-est-ce-que-ca-vaut-le-coup\/\" \/>\n<meta property=\"og:site_name\" content=\"ERYCK V\u00c9ZIAU, COURTIER IMMOBILIER LAVAL, COURTIER IMMOBILIER STE-DOROTH\u00c9E, MAISON \u00c0 VENDRE LAVAL, AGENT IMMOBILIER STE-DOROTH\u00c9E\" \/>\n<meta property=\"article:publisher\" content=\"https:\/\/www.facebook.com\/EryckVeziau.courtier.immobilier.ReMax.Laval\" \/>\n<meta property=\"article:published_time\" content=\"2015-09-23T18:50:22+00:00\" \/>\n<meta property=\"article:modified_time\" content=\"2015-09-23T18:53:44+00:00\" \/>\n<meta property=\"og:image\" content=\"https:\/\/eryckveziau.com\/files\/2022\/09\/PartageEveziau.png\" \/>\n\t<meta property=\"og:image:width\" content=\"924\" \/>\n\t<meta property=\"og:image:height\" content=\"454\" \/>\n\t<meta property=\"og:image:type\" content=\"image\/png\" \/>\n<meta name=\"twitter:card\" content=\"summary_large_image\" \/>\n<meta name=\"twitter:label1\" content=\"Written by\" \/>\n\t<meta name=\"twitter:data1\" content=\"\" \/>\n\t<meta name=\"twitter:label2\" content=\"Est. reading time\" \/>\n\t<meta name=\"twitter:data2\" content=\"1 minute\" \/>\n<script type=\"application\/ld+json\" class=\"yoast-schema-graph\">{\"@context\":\"https:\/\/schema.org\",\"@graph\":[{\"@type\":\"Article\",\"@id\":\"http:\/\/eryckveziau.com\/non-classe\/chauffage-a-la-bienergie-est-ce-que-ca-vaut-le-coup\/#article\",\"isPartOf\":{\"@id\":\"http:\/\/eryckveziau.com\/non-classe\/chauffage-a-la-bienergie-est-ce-que-ca-vaut-le-coup\/\"},\"author\":{\"name\":\"\",\"@id\":\"\"},\"headline\":\"Chauffage \u00e0 la bi\u00e9nergie: est-ce que \u00e7a vaut le coup?\",\"datePublished\":\"2015-09-23T18:50:22+00:00\",\"dateModified\":\"2015-09-23T18:53:44+00:00\",\"mainEntityOfPage\":{\"@id\":\"http:\/\/eryckveziau.com\/non-classe\/chauffage-a-la-bienergie-est-ce-que-ca-vaut-le-coup\/\"},\"wordCount\":111,\"publisher\":{\"@id\":\"https:\/\/eryckveziau.com\/en\/#organization\"},\"keywords\":[\"agent immobilier a laval\",\"agent immobilier laval\",\"agent immobilier remax laval\",\"condo a vendre ste-doroth\u00e9e\",\"condos \u00e0 vendre ste-doroth\u00e9e\",\"courtier immobilier remax laval\",\"courtier immobilier st-eustache\",\"garderie ste-doroth\u00e9e\",\"immobilier laval\",\"Laval\",\"maison a vendre laval\",\"Houses for sale Laval Ste-Dorothee\",\"maisons \u00e0 vendre ste-doroth\u00e9e\",\"meilleur agent immobilier laval\",\"mls laval\",\"mls.ca laval\",\"real estate broker laval\",\"Real estate broker ste-dorothee\",\"Ste-Doroth\u00e9e\"],\"articleSection\":[\"Non class\u00e9\"],\"inLanguage\":\"en-US\"},{\"@type\":\"WebPage\",\"@id\":\"http:\/\/eryckveziau.com\/non-classe\/chauffage-a-la-bienergie-est-ce-que-ca-vaut-le-coup\/\",\"url\":\"http:\/\/eryckveziau.com\/non-classe\/chauffage-a-la-bienergie-est-ce-que-ca-vaut-le-coup\/\",\"name\":\"Chauffage \u00e0 la bi\u00e9nergie: est-ce que \u00e7a vaut le coup? | ERYCK V\u00c9ZIAU, COURTIER IMMOBILIER LAVAL, COURTIER IMMOBILIER STE-DOROTH\u00c9E, MAISON \u00c0 VENDRE LAVAL, AGENT IMMOBILIER STE-DOROTH\u00c9E\",\"isPartOf\":{\"@id\":\"https:\/\/eryckveziau.com\/en\/#website\"},\"datePublished\":\"2015-09-23T18:50:22+00:00\",\"dateModified\":\"2015-09-23T18:53:44+00:00\",\"breadcrumb\":{\"@id\":\"http:\/\/eryckveziau.com\/non-classe\/chauffage-a-la-bienergie-est-ce-que-ca-vaut-le-coup\/#breadcrumb\"},\"inLanguage\":\"en-US\",\"potentialAction\":[{\"@type\":\"ReadAction\",\"target\":[\"http:\/\/eryckveziau.com\/non-classe\/chauffage-a-la-bienergie-est-ce-que-ca-vaut-le-coup\/\"]}]},{\"@type\":\"BreadcrumbList\",\"@id\":\"http:\/\/eryckveziau.com\/non-classe\/chauffage-a-la-bienergie-est-ce-que-ca-vaut-le-coup\/#breadcrumb\",\"itemListElement\":[{\"@type\":\"ListItem\",\"position\":1,\"name\":\"Accueil\",\"item\":\"https:\/\/eryckveziau.com\/en\/\"},{\"@type\":\"ListItem\",\"position\":2,\"name\":\"Chauffage \u00e0 la bi\u00e9nergie: est-ce que \u00e7a vaut le coup?\"}]},{\"@type\":\"WebSite\",\"@id\":\"https:\/\/eryckveziau.com\/en\/#website\",\"url\":\"https:\/\/eryckveziau.com\/en\/\",\"name\":\"ERYCK V\u00c9ZIAU, COURTIER IMMOBILIER LAVAL, COURTIER IMMOBILIER STE-DOROTH\u00c9E, MAISON \u00c0 VENDRE LAVAL, AGENT IMMOBILIER STE-DOROTH\u00c9E\",\"description\":\"\",\"publisher\":{\"@id\":\"https:\/\/eryckveziau.com\/en\/#organization\"},\"potentialAction\":[{\"@type\":\"SearchAction\",\"target\":{\"@type\":\"EntryPoint\",\"urlTemplate\":\"https:\/\/eryckveziau.com\/en\/?s={search_term_string}\"},\"query-input\":{\"@type\":\"PropertyValueSpecification\",\"valueRequired\":true,\"valueName\":\"search_term_string\"}}],\"inLanguage\":\"en-US\"},{\"@type\":\"Organization\",\"@id\":\"https:\/\/eryckveziau.com\/en\/#organization\",\"name\":\"Eryck V\u00e9ziau RE\/MAX\",\"url\":\"https:\/\/eryckveziau.com\/en\/\",\"logo\":{\"@type\":\"ImageObject\",\"inLanguage\":\"en-US\",\"@id\":\"https:\/\/eryckveziau.com\/en\/#\/schema\/logo\/image\/\",\"url\":\"https:\/\/eryckveziau.com\/files\/2022\/09\/PartageEveziau.png\",\"contentUrl\":\"https:\/\/eryckveziau.com\/files\/2022\/09\/PartageEveziau.png\",\"width\":924,\"height\":454,\"caption\":\"Eryck V\u00e9ziau RE\/MAX\"},\"image\":{\"@id\":\"https:\/\/eryckveziau.com\/en\/#\/schema\/logo\/image\/\"},\"sameAs\":[\"https:\/\/www.facebook.com\/EryckVeziau.courtier.immobilier.ReMax.Laval\",\"https:\/\/www.instagram.com\/eryck_veziau_remax\/\",\"https:\/\/www.linkedin.com\/in\/eryck-v\u00e9ziau-6a445134\/\",\"https:\/\/www.youtube.com\/user\/eveziau\"]},{\"@type\":\"Person\",\"@id\":\"\",\"url\":\"https:\/\/eryckveziau.com\/en\/author\/\"}]}<\/script>\n<!-- \/ Yoast SEO plugin. -->","yoast_head_json":{"title":"Chauffage \u00e0 la bi\u00e9nergie: est-ce que \u00e7a vaut le coup? | ERYCK V\u00c9ZIAU, COURTIER IMMOBILIER LAVAL, COURTIER IMMOBILIER STE-DOROTH\u00c9E, MAISON \u00c0 VENDRE LAVAL, AGENT IMMOBILIER STE-DOROTH\u00c9E","robots":{"index":"index","follow":"follow","max-snippet":"max-snippet:-1","max-image-preview":"max-image-preview:large","max-video-preview":"max-video-preview:-1"},"canonical":"http:\/\/eryckveziau.com\/non-classe\/chauffage-a-la-bienergie-est-ce-que-ca-vaut-le-coup\/","og_locale":"en_US","og_type":"article","og_title":"Chauffage \u00e0 la bi\u00e9nergie: est-ce que \u00e7a vaut le coup? | ERYCK V\u00c9ZIAU, COURTIER IMMOBILIER LAVAL, COURTIER IMMOBILIER STE-DOROTH\u00c9E, MAISON \u00c0 VENDRE LAVAL, AGENT IMMOBILIER STE-DOROTH\u00c9E","og_description":"Vous faites partie des 120 000 clients r\u00e9sidentiels d\u2019Hydro-Qu\u00e9bec qui sont abonn\u00e9s au tarif bi\u00e9nergie (tarif DT)? &nbsp; Les clients au tarif DT utilisent un syst\u00e8me de chauffage con\u00e7u de telle sorte que l\u2019\u00e9lectricit\u00e9 est utilis\u00e9e comme source principale d\u2019\u00e9nergie et un combustible, souvent le mazout, comme source d\u2019appoint. Un commutateur reli\u00e9 \u00e0 une sonde [&hellip;]","og_url":"http:\/\/eryckveziau.com\/non-classe\/chauffage-a-la-bienergie-est-ce-que-ca-vaut-le-coup\/","og_site_name":"ERYCK V\u00c9ZIAU, COURTIER IMMOBILIER LAVAL, COURTIER IMMOBILIER STE-DOROTH\u00c9E, MAISON \u00c0 VENDRE LAVAL, AGENT IMMOBILIER STE-DOROTH\u00c9E","article_publisher":"https:\/\/www.facebook.com\/EryckVeziau.courtier.immobilier.ReMax.Laval","article_published_time":"2015-09-23T18:50:22+00:00","article_modified_time":"2015-09-23T18:53:44+00:00","og_image":[{"width":924,"height":454,"url":"https:\/\/eryckveziau.com\/files\/2022\/09\/PartageEveziau.png","type":"image\/png"}],"twitter_card":"summary_large_image","twitter_misc":{"Written by":"","Est. reading time":"1 minute"},"schema":{"@context":"https:\/\/schema.org","@graph":[{"@type":"Article","@id":"http:\/\/eryckveziau.com\/non-classe\/chauffage-a-la-bienergie-est-ce-que-ca-vaut-le-coup\/#article","isPartOf":{"@id":"http:\/\/eryckveziau.com\/non-classe\/chauffage-a-la-bienergie-est-ce-que-ca-vaut-le-coup\/"},"author":{"name":"","@id":""},"headline":"Chauffage \u00e0 la bi\u00e9nergie: est-ce que \u00e7a vaut le coup?","datePublished":"2015-09-23T18:50:22+00:00","dateModified":"2015-09-23T18:53:44+00:00","mainEntityOfPage":{"@id":"http:\/\/eryckveziau.com\/non-classe\/chauffage-a-la-bienergie-est-ce-que-ca-vaut-le-coup\/"},"wordCount":111,"publisher":{"@id":"https:\/\/eryckveziau.com\/en\/#organization"},"keywords":["agent immobilier a laval","agent immobilier laval","agent immobilier remax laval","condo a vendre ste-doroth\u00e9e","condos \u00e0 vendre ste-doroth\u00e9e","courtier immobilier remax laval","courtier immobilier st-eustache","garderie ste-doroth\u00e9e","immobilier laval","Laval","maison a vendre laval","Houses for sale Laval Ste-Dorothee","maisons \u00e0 vendre ste-doroth\u00e9e","meilleur agent immobilier laval","mls laval","mls.ca laval","real estate broker laval","Real estate broker ste-dorothee","Ste-Doroth\u00e9e"],"articleSection":["Non class\u00e9"],"inLanguage":"en-US"},{"@type":"WebPage","@id":"http:\/\/eryckveziau.com\/non-classe\/chauffage-a-la-bienergie-est-ce-que-ca-vaut-le-coup\/","url":"http:\/\/eryckveziau.com\/non-classe\/chauffage-a-la-bienergie-est-ce-que-ca-vaut-le-coup\/","name":"Chauffage \u00e0 la bi\u00e9nergie: est-ce que \u00e7a vaut le coup? | ERYCK V\u00c9ZIAU, COURTIER IMMOBILIER LAVAL, COURTIER IMMOBILIER STE-DOROTH\u00c9E, MAISON \u00c0 VENDRE LAVAL, AGENT IMMOBILIER STE-DOROTH\u00c9E","isPartOf":{"@id":"https:\/\/eryckveziau.com\/en\/#website"},"datePublished":"2015-09-23T18:50:22+00:00","dateModified":"2015-09-23T18:53:44+00:00","breadcrumb":{"@id":"http:\/\/eryckveziau.com\/non-classe\/chauffage-a-la-bienergie-est-ce-que-ca-vaut-le-coup\/#breadcrumb"},"inLanguage":"en-US","potentialAction":[{"@type":"ReadAction","target":["http:\/\/eryckveziau.com\/non-classe\/chauffage-a-la-bienergie-est-ce-que-ca-vaut-le-coup\/"]}]},{"@type":"BreadcrumbList","@id":"http:\/\/eryckveziau.com\/non-classe\/chauffage-a-la-bienergie-est-ce-que-ca-vaut-le-coup\/#breadcrumb","itemListElement":[{"@type":"ListItem","position":1,"name":"Accueil","item":"https:\/\/eryckveziau.com\/en\/"},{"@type":"ListItem","position":2,"name":"Chauffage \u00e0 la bi\u00e9nergie: est-ce que \u00e7a vaut le coup?"}]},{"@type":"WebSite","@id":"https:\/\/eryckveziau.com\/en\/#website","url":"https:\/\/eryckveziau.com\/en\/","name":"ERYCK V\u00c9ZIAU, COURTIER IMMOBILIER LAVAL, COURTIER IMMOBILIER STE-DOROTH\u00c9E, MAISON \u00c0 VENDRE LAVAL, AGENT IMMOBILIER STE-DOROTH\u00c9E","description":"","publisher":{"@id":"https:\/\/eryckveziau.com\/en\/#organization"},"potentialAction":[{"@type":"SearchAction","target":{"@type":"EntryPoint","urlTemplate":"https:\/\/eryckveziau.com\/en\/?s={search_term_string}"},"query-input":{"@type":"PropertyValueSpecification","valueRequired":true,"valueName":"search_term_string"}}],"inLanguage":"en-US"},{"@type":"Organization","@id":"https:\/\/eryckveziau.com\/en\/#organization","name":"Eryck V\u00e9ziau RE\/MAX","url":"https:\/\/eryckveziau.com\/en\/","logo":{"@type":"ImageObject","inLanguage":"en-US","@id":"https:\/\/eryckveziau.com\/en\/#\/schema\/logo\/image\/","url":"https:\/\/eryckveziau.com\/files\/2022\/09\/PartageEveziau.png","contentUrl":"https:\/\/eryckveziau.com\/files\/2022\/09\/PartageEveziau.png","width":924,"height":454,"caption":"Eryck V\u00e9ziau RE\/MAX"},"image":{"@id":"https:\/\/eryckveziau.com\/en\/#\/schema\/logo\/image\/"},"sameAs":["https:\/\/www.facebook.com\/EryckVeziau.courtier.immobilier.ReMax.Laval","https:\/\/www.instagram.com\/eryck_veziau_remax\/","https:\/\/www.linkedin.com\/in\/eryck-v\u00e9ziau-6a445134\/","https:\/\/www.youtube.com\/user\/eveziau"]},{"@type":"Person","@id":"","url":"https:\/\/eryckveziau.com\/en\/author\/"}]}},"_links":{"self":[{"href":"https:\/\/eryckveziau.com\/en\/wp-json\/wp\/v2\/posts\/2277","targetHints":{"allow":["GET"]}}],"collection":[{"href":"https:\/\/eryckveziau.com\/en\/wp-json\/wp\/v2\/posts"}],"about":[{"href":"https:\/\/eryckveziau.com\/en\/wp-json\/wp\/v2\/types\/post"}],"author":[{"embeddable":true,"href":"https:\/\/eryckveziau.com\/en\/wp-json\/wp\/v2\/users\/285"}],"replies":[{"embeddable":true,"href":"https:\/\/eryckveziau.com\/en\/wp-json\/wp\/v2\/comments?post=2277"}],"version-history":[{"count":2,"href":"https:\/\/eryckveziau.com\/en\/wp-json\/wp\/v2\/posts\/2277\/revisions"}],"predecessor-version":[{"id":2279,"href":"https:\/\/eryckveziau.com\/en\/wp-json\/wp\/v2\/posts\/2277\/revisions\/2279"}],"wp:attachment":[{"href":"https:\/\/eryckveziau.com\/en\/wp-json\/wp\/v2\/media?parent=2277"}],"wp:term":[{"taxonomy":"category","embeddable":true,"href":"https:\/\/eryckveziau.com\/en\/wp-json\/wp\/v2\/categories?post=2277"},{"taxonomy":"post_tag","embeddable":true,"href":"https:\/\/eryckveziau.com\/en\/wp-json\/wp\/v2\/tags?post=2277"}],"curies":[{"name":"wp","href":"https:\/\/api.w.org\/{rel}","templated":true}]}}