{"id":2269,"date":"2015-09-23T13:49:15","date_gmt":"2015-09-23T17:49:15","guid":{"rendered":"\/?p=2269"},"modified":"2015-09-23T13:53:23","modified_gmt":"2015-09-23T17:53:23","slug":"economie-la-croissance-du-quebec-va-saccelerer-selon-rbc","status":"publish","type":"post","link":"https:\/\/eryckveziau.com\/en\/non-classe\/economie-la-croissance-du-quebec-va-saccelerer-selon-rbc\/","title":{"rendered":"\u00c9conomie: la croissance du Qu\u00e9bec va s&#8217;acc\u00e9l\u00e9rer, selon RBC"},"content":{"rendered":"<p><strong>Apr\u00e8s avoir frapp\u00e9 un mur au deuxi\u00e8me trimestre, l\u2019\u00e9conomie du Qu\u00e9bec devrait reprendre de la vigueur dans la deuxi\u00e8me moiti\u00e9 de 2015, pr\u00e9voient les \u00e9conomistes de RBC.<\/strong><\/p>\n<p>&nbsp;<\/p>\n<p>Dans un rapport d\u00e9voil\u00e9 mardi, l\u2019\u00e9quipe d\u2019\u00e9conomistes de la principale banque du pays a abaiss\u00e9 sa pr\u00e9vision de croissance de 2015 pour le Qu\u00e9bec, faisant passer sa pr\u00e9vision de 1,8% annonc\u00e9e en juin, \u00e0 1,3%. Les experts de la RBC s\u2019attendent toutefois \u00e0 ce que la croissance de la province s\u2019acc\u00e9l\u00e8re de nouveau dans la deuxi\u00e8me moiti\u00e9 de l\u2019ann\u00e9e et qu\u2019elle remonter \u00e0 1,9% en 2016.<\/p>\n","protected":false},"excerpt":{"rendered":"<p>Apr\u00e8s avoir frapp\u00e9 un mur au deuxi\u00e8me trimestre, l\u2019\u00e9conomie du Qu\u00e9bec devrait reprendre de la vigueur dans la deuxi\u00e8me moiti\u00e9 de 2015, pr\u00e9voient les \u00e9conomistes de RBC. &nbsp; Dans un rapport d\u00e9voil\u00e9 mardi, l\u2019\u00e9quipe d\u2019\u00e9conomistes de la principale banque du pays a abaiss\u00e9 sa pr\u00e9vision de croissance de 2015 pour le Qu\u00e9bec, faisant passer sa [&hellip;]<\/p>\n","protected":false},"author":285,"featured_media":0,"comment_status":"closed","ping_status":"closed","sticky":false,"template":"","format":"standard","meta":{"_acf_changed":false,"footnotes":""},"categories":[1],"tags":[28,24,30,18,42,26,40,11,14,10,16,6,41,34,31,32,15,38,9],"class_list":["post-2269","post","type-post","status-publish","format-standard","hentry","category-non-classe","tag-agent-immobilier-a-laval","tag-agent-immobilier-laval","tag-agent-immobilier-remax-laval","tag-condo-a-vendre-ste-dorothee","tag-condos-a-vendre-ste-dorothee","tag-courtier-immobilier-remax-laval","tag-courtier-immobilier-st-eustache","tag-garderie-ste-dorothee","tag-immobilier-laval","tag-laval","tag-maison-a-vendre-laval","tag-maison-a-vendre-laval-et-ste-dorothee","tag-maisons-a-vendre-ste-dorothee","tag-meilleur-agent-immobilier-laval","tag-mls-laval","tag-mls-ca-laval","tag-real-estate-broker-laval","tag-real-estate-broker-ste-dorothee","tag-ste-dorothee"],"acf":[],"yoast_head":"<!-- This site is optimized with the Yoast SEO plugin v26.7 - https:\/\/yoast.com\/wordpress\/plugins\/seo\/ -->\n<title>\u00c9conomie: la croissance du Qu\u00e9bec va s&#039;acc\u00e9l\u00e9rer, selon RBC | ERYCK V\u00c9ZIAU, COURTIER IMMOBILIER LAVAL, COURTIER IMMOBILIER STE-DOROTH\u00c9E, MAISON \u00c0 VENDRE LAVAL, AGENT IMMOBILIER STE-DOROTH\u00c9E<\/title>\n<meta name=\"robots\" content=\"index, follow, max-snippet:-1, max-image-preview:large, max-video-preview:-1\" \/>\n<link rel=\"canonical\" href=\"http:\/\/eryckveziau.com\/non-classe\/economie-la-croissance-du-quebec-va-saccelerer-selon-rbc\/\" \/>\n<meta property=\"og:locale\" content=\"en_US\" \/>\n<meta property=\"og:type\" content=\"article\" \/>\n<meta property=\"og:title\" content=\"\u00c9conomie: la croissance du Qu\u00e9bec va s&#039;acc\u00e9l\u00e9rer, selon RBC | ERYCK V\u00c9ZIAU, COURTIER IMMOBILIER LAVAL, COURTIER IMMOBILIER STE-DOROTH\u00c9E, MAISON \u00c0 VENDRE LAVAL, AGENT IMMOBILIER STE-DOROTH\u00c9E\" \/>\n<meta property=\"og:description\" content=\"Apr\u00e8s avoir frapp\u00e9 un mur au deuxi\u00e8me trimestre, l\u2019\u00e9conomie du Qu\u00e9bec devrait reprendre de la vigueur dans la deuxi\u00e8me moiti\u00e9 de 2015, pr\u00e9voient les \u00e9conomistes de RBC. &nbsp; Dans un rapport d\u00e9voil\u00e9 mardi, l\u2019\u00e9quipe d\u2019\u00e9conomistes de la principale banque du pays a abaiss\u00e9 sa pr\u00e9vision de croissance de 2015 pour le Qu\u00e9bec, faisant passer sa [&hellip;]\" \/>\n<meta property=\"og:url\" content=\"http:\/\/eryckveziau.com\/non-classe\/economie-la-croissance-du-quebec-va-saccelerer-selon-rbc\/\" \/>\n<meta property=\"og:site_name\" content=\"ERYCK V\u00c9ZIAU, COURTIER IMMOBILIER LAVAL, COURTIER IMMOBILIER STE-DOROTH\u00c9E, MAISON \u00c0 VENDRE LAVAL, AGENT IMMOBILIER STE-DOROTH\u00c9E\" \/>\n<meta property=\"article:publisher\" content=\"https:\/\/www.facebook.com\/EryckVeziau.courtier.immobilier.ReMax.Laval\" \/>\n<meta property=\"article:published_time\" content=\"2015-09-23T17:49:15+00:00\" \/>\n<meta property=\"article:modified_time\" content=\"2015-09-23T17:53:23+00:00\" \/>\n<meta property=\"og:image\" content=\"https:\/\/eryckveziau.com\/files\/2022\/09\/PartageEveziau.png\" \/>\n\t<meta property=\"og:image:width\" content=\"924\" \/>\n\t<meta property=\"og:image:height\" content=\"454\" \/>\n\t<meta property=\"og:image:type\" content=\"image\/png\" \/>\n<meta name=\"twitter:card\" content=\"summary_large_image\" \/>\n<meta name=\"twitter:label1\" content=\"Written by\" \/>\n\t<meta name=\"twitter:data1\" content=\"\" \/>\n\t<meta name=\"twitter:label2\" content=\"Est. reading time\" \/>\n\t<meta name=\"twitter:data2\" content=\"1 minute\" \/>\n<script type=\"application\/ld+json\" class=\"yoast-schema-graph\">{\"@context\":\"https:\/\/schema.org\",\"@graph\":[{\"@type\":\"Article\",\"@id\":\"http:\/\/eryckveziau.com\/non-classe\/economie-la-croissance-du-quebec-va-saccelerer-selon-rbc\/#article\",\"isPartOf\":{\"@id\":\"http:\/\/eryckveziau.com\/non-classe\/economie-la-croissance-du-quebec-va-saccelerer-selon-rbc\/\"},\"author\":{\"name\":\"\",\"@id\":\"\"},\"headline\":\"\u00c9conomie: la croissance du Qu\u00e9bec va s&#8217;acc\u00e9l\u00e9rer, selon RBC\",\"datePublished\":\"2015-09-23T17:49:15+00:00\",\"dateModified\":\"2015-09-23T17:53:23+00:00\",\"mainEntityOfPage\":{\"@id\":\"http:\/\/eryckveziau.com\/non-classe\/economie-la-croissance-du-quebec-va-saccelerer-selon-rbc\/\"},\"wordCount\":119,\"publisher\":{\"@id\":\"https:\/\/eryckveziau.com\/en\/#organization\"},\"keywords\":[\"agent immobilier a laval\",\"agent immobilier laval\",\"agent immobilier remax laval\",\"condo a vendre ste-doroth\u00e9e\",\"condos \u00e0 vendre ste-doroth\u00e9e\",\"courtier immobilier remax laval\",\"courtier immobilier st-eustache\",\"garderie ste-doroth\u00e9e\",\"immobilier laval\",\"Laval\",\"maison a vendre laval\",\"Houses for sale Laval Ste-Dorothee\",\"maisons \u00e0 vendre ste-doroth\u00e9e\",\"meilleur agent immobilier laval\",\"mls laval\",\"mls.ca laval\",\"real estate broker laval\",\"Real estate broker ste-dorothee\",\"Ste-Doroth\u00e9e\"],\"articleSection\":[\"Non class\u00e9\"],\"inLanguage\":\"en-US\"},{\"@type\":\"WebPage\",\"@id\":\"http:\/\/eryckveziau.com\/non-classe\/economie-la-croissance-du-quebec-va-saccelerer-selon-rbc\/\",\"url\":\"http:\/\/eryckveziau.com\/non-classe\/economie-la-croissance-du-quebec-va-saccelerer-selon-rbc\/\",\"name\":\"\u00c9conomie: la croissance du Qu\u00e9bec va s'acc\u00e9l\u00e9rer, selon RBC | ERYCK V\u00c9ZIAU, COURTIER IMMOBILIER LAVAL, COURTIER IMMOBILIER STE-DOROTH\u00c9E, MAISON \u00c0 VENDRE LAVAL, AGENT IMMOBILIER STE-DOROTH\u00c9E\",\"isPartOf\":{\"@id\":\"https:\/\/eryckveziau.com\/en\/#website\"},\"datePublished\":\"2015-09-23T17:49:15+00:00\",\"dateModified\":\"2015-09-23T17:53:23+00:00\",\"breadcrumb\":{\"@id\":\"http:\/\/eryckveziau.com\/non-classe\/economie-la-croissance-du-quebec-va-saccelerer-selon-rbc\/#breadcrumb\"},\"inLanguage\":\"en-US\",\"potentialAction\":[{\"@type\":\"ReadAction\",\"target\":[\"http:\/\/eryckveziau.com\/non-classe\/economie-la-croissance-du-quebec-va-saccelerer-selon-rbc\/\"]}]},{\"@type\":\"BreadcrumbList\",\"@id\":\"http:\/\/eryckveziau.com\/non-classe\/economie-la-croissance-du-quebec-va-saccelerer-selon-rbc\/#breadcrumb\",\"itemListElement\":[{\"@type\":\"ListItem\",\"position\":1,\"name\":\"Accueil\",\"item\":\"https:\/\/eryckveziau.com\/en\/\"},{\"@type\":\"ListItem\",\"position\":2,\"name\":\"\u00c9conomie: la croissance du Qu\u00e9bec va s&rsquo;acc\u00e9l\u00e9rer, selon RBC\"}]},{\"@type\":\"WebSite\",\"@id\":\"https:\/\/eryckveziau.com\/en\/#website\",\"url\":\"https:\/\/eryckveziau.com\/en\/\",\"name\":\"ERYCK V\u00c9ZIAU, COURTIER IMMOBILIER LAVAL, COURTIER IMMOBILIER STE-DOROTH\u00c9E, MAISON \u00c0 VENDRE LAVAL, AGENT IMMOBILIER STE-DOROTH\u00c9E\",\"description\":\"\",\"publisher\":{\"@id\":\"https:\/\/eryckveziau.com\/en\/#organization\"},\"potentialAction\":[{\"@type\":\"SearchAction\",\"target\":{\"@type\":\"EntryPoint\",\"urlTemplate\":\"https:\/\/eryckveziau.com\/en\/?s={search_term_string}\"},\"query-input\":{\"@type\":\"PropertyValueSpecification\",\"valueRequired\":true,\"valueName\":\"search_term_string\"}}],\"inLanguage\":\"en-US\"},{\"@type\":\"Organization\",\"@id\":\"https:\/\/eryckveziau.com\/en\/#organization\",\"name\":\"Eryck V\u00e9ziau RE\/MAX\",\"url\":\"https:\/\/eryckveziau.com\/en\/\",\"logo\":{\"@type\":\"ImageObject\",\"inLanguage\":\"en-US\",\"@id\":\"https:\/\/eryckveziau.com\/en\/#\/schema\/logo\/image\/\",\"url\":\"https:\/\/eryckveziau.com\/files\/2022\/09\/PartageEveziau.png\",\"contentUrl\":\"https:\/\/eryckveziau.com\/files\/2022\/09\/PartageEveziau.png\",\"width\":924,\"height\":454,\"caption\":\"Eryck V\u00e9ziau RE\/MAX\"},\"image\":{\"@id\":\"https:\/\/eryckveziau.com\/en\/#\/schema\/logo\/image\/\"},\"sameAs\":[\"https:\/\/www.facebook.com\/EryckVeziau.courtier.immobilier.ReMax.Laval\",\"https:\/\/www.instagram.com\/eryck_veziau_remax\/\",\"https:\/\/www.linkedin.com\/in\/eryck-v\u00e9ziau-6a445134\/\",\"https:\/\/www.youtube.com\/user\/eveziau\"]},{\"@type\":\"Person\",\"@id\":\"\",\"url\":\"https:\/\/eryckveziau.com\/en\/author\/\"}]}<\/script>\n<!-- \/ Yoast SEO plugin. -->","yoast_head_json":{"title":"\u00c9conomie: la croissance du Qu\u00e9bec va s'acc\u00e9l\u00e9rer, selon RBC | ERYCK V\u00c9ZIAU, COURTIER IMMOBILIER LAVAL, COURTIER IMMOBILIER STE-DOROTH\u00c9E, MAISON \u00c0 VENDRE LAVAL, AGENT IMMOBILIER STE-DOROTH\u00c9E","robots":{"index":"index","follow":"follow","max-snippet":"max-snippet:-1","max-image-preview":"max-image-preview:large","max-video-preview":"max-video-preview:-1"},"canonical":"http:\/\/eryckveziau.com\/non-classe\/economie-la-croissance-du-quebec-va-saccelerer-selon-rbc\/","og_locale":"en_US","og_type":"article","og_title":"\u00c9conomie: la croissance du Qu\u00e9bec va s'acc\u00e9l\u00e9rer, selon RBC | ERYCK V\u00c9ZIAU, COURTIER IMMOBILIER LAVAL, COURTIER IMMOBILIER STE-DOROTH\u00c9E, MAISON \u00c0 VENDRE LAVAL, AGENT IMMOBILIER STE-DOROTH\u00c9E","og_description":"Apr\u00e8s avoir frapp\u00e9 un mur au deuxi\u00e8me trimestre, l\u2019\u00e9conomie du Qu\u00e9bec devrait reprendre de la vigueur dans la deuxi\u00e8me moiti\u00e9 de 2015, pr\u00e9voient les \u00e9conomistes de RBC. &nbsp; Dans un rapport d\u00e9voil\u00e9 mardi, l\u2019\u00e9quipe d\u2019\u00e9conomistes de la principale banque du pays a abaiss\u00e9 sa pr\u00e9vision de croissance de 2015 pour le Qu\u00e9bec, faisant passer sa [&hellip;]","og_url":"http:\/\/eryckveziau.com\/non-classe\/economie-la-croissance-du-quebec-va-saccelerer-selon-rbc\/","og_site_name":"ERYCK V\u00c9ZIAU, COURTIER IMMOBILIER LAVAL, COURTIER IMMOBILIER STE-DOROTH\u00c9E, MAISON \u00c0 VENDRE LAVAL, AGENT IMMOBILIER STE-DOROTH\u00c9E","article_publisher":"https:\/\/www.facebook.com\/EryckVeziau.courtier.immobilier.ReMax.Laval","article_published_time":"2015-09-23T17:49:15+00:00","article_modified_time":"2015-09-23T17:53:23+00:00","og_image":[{"width":924,"height":454,"url":"https:\/\/eryckveziau.com\/files\/2022\/09\/PartageEveziau.png","type":"image\/png"}],"twitter_card":"summary_large_image","twitter_misc":{"Written by":"","Est. reading time":"1 minute"},"schema":{"@context":"https:\/\/schema.org","@graph":[{"@type":"Article","@id":"http:\/\/eryckveziau.com\/non-classe\/economie-la-croissance-du-quebec-va-saccelerer-selon-rbc\/#article","isPartOf":{"@id":"http:\/\/eryckveziau.com\/non-classe\/economie-la-croissance-du-quebec-va-saccelerer-selon-rbc\/"},"author":{"name":"","@id":""},"headline":"\u00c9conomie: la croissance du Qu\u00e9bec va s&#8217;acc\u00e9l\u00e9rer, selon RBC","datePublished":"2015-09-23T17:49:15+00:00","dateModified":"2015-09-23T17:53:23+00:00","mainEntityOfPage":{"@id":"http:\/\/eryckveziau.com\/non-classe\/economie-la-croissance-du-quebec-va-saccelerer-selon-rbc\/"},"wordCount":119,"publisher":{"@id":"https:\/\/eryckveziau.com\/en\/#organization"},"keywords":["agent immobilier a laval","agent immobilier laval","agent immobilier remax laval","condo a vendre ste-doroth\u00e9e","condos \u00e0 vendre ste-doroth\u00e9e","courtier immobilier remax laval","courtier immobilier st-eustache","garderie ste-doroth\u00e9e","immobilier laval","Laval","maison a vendre laval","Houses for sale Laval Ste-Dorothee","maisons \u00e0 vendre ste-doroth\u00e9e","meilleur agent immobilier laval","mls laval","mls.ca laval","real estate broker laval","Real estate broker ste-dorothee","Ste-Doroth\u00e9e"],"articleSection":["Non class\u00e9"],"inLanguage":"en-US"},{"@type":"WebPage","@id":"http:\/\/eryckveziau.com\/non-classe\/economie-la-croissance-du-quebec-va-saccelerer-selon-rbc\/","url":"http:\/\/eryckveziau.com\/non-classe\/economie-la-croissance-du-quebec-va-saccelerer-selon-rbc\/","name":"\u00c9conomie: la croissance du Qu\u00e9bec va s'acc\u00e9l\u00e9rer, selon RBC | ERYCK V\u00c9ZIAU, COURTIER IMMOBILIER LAVAL, COURTIER IMMOBILIER STE-DOROTH\u00c9E, MAISON \u00c0 VENDRE LAVAL, AGENT IMMOBILIER STE-DOROTH\u00c9E","isPartOf":{"@id":"https:\/\/eryckveziau.com\/en\/#website"},"datePublished":"2015-09-23T17:49:15+00:00","dateModified":"2015-09-23T17:53:23+00:00","breadcrumb":{"@id":"http:\/\/eryckveziau.com\/non-classe\/economie-la-croissance-du-quebec-va-saccelerer-selon-rbc\/#breadcrumb"},"inLanguage":"en-US","potentialAction":[{"@type":"ReadAction","target":["http:\/\/eryckveziau.com\/non-classe\/economie-la-croissance-du-quebec-va-saccelerer-selon-rbc\/"]}]},{"@type":"BreadcrumbList","@id":"http:\/\/eryckveziau.com\/non-classe\/economie-la-croissance-du-quebec-va-saccelerer-selon-rbc\/#breadcrumb","itemListElement":[{"@type":"ListItem","position":1,"name":"Accueil","item":"https:\/\/eryckveziau.com\/en\/"},{"@type":"ListItem","position":2,"name":"\u00c9conomie: la croissance du Qu\u00e9bec va s&rsquo;acc\u00e9l\u00e9rer, selon RBC"}]},{"@type":"WebSite","@id":"https:\/\/eryckveziau.com\/en\/#website","url":"https:\/\/eryckveziau.com\/en\/","name":"ERYCK V\u00c9ZIAU, COURTIER IMMOBILIER LAVAL, COURTIER IMMOBILIER STE-DOROTH\u00c9E, MAISON \u00c0 VENDRE LAVAL, AGENT IMMOBILIER STE-DOROTH\u00c9E","description":"","publisher":{"@id":"https:\/\/eryckveziau.com\/en\/#organization"},"potentialAction":[{"@type":"SearchAction","target":{"@type":"EntryPoint","urlTemplate":"https:\/\/eryckveziau.com\/en\/?s={search_term_string}"},"query-input":{"@type":"PropertyValueSpecification","valueRequired":true,"valueName":"search_term_string"}}],"inLanguage":"en-US"},{"@type":"Organization","@id":"https:\/\/eryckveziau.com\/en\/#organization","name":"Eryck V\u00e9ziau RE\/MAX","url":"https:\/\/eryckveziau.com\/en\/","logo":{"@type":"ImageObject","inLanguage":"en-US","@id":"https:\/\/eryckveziau.com\/en\/#\/schema\/logo\/image\/","url":"https:\/\/eryckveziau.com\/files\/2022\/09\/PartageEveziau.png","contentUrl":"https:\/\/eryckveziau.com\/files\/2022\/09\/PartageEveziau.png","width":924,"height":454,"caption":"Eryck V\u00e9ziau RE\/MAX"},"image":{"@id":"https:\/\/eryckveziau.com\/en\/#\/schema\/logo\/image\/"},"sameAs":["https:\/\/www.facebook.com\/EryckVeziau.courtier.immobilier.ReMax.Laval","https:\/\/www.instagram.com\/eryck_veziau_remax\/","https:\/\/www.linkedin.com\/in\/eryck-v\u00e9ziau-6a445134\/","https:\/\/www.youtube.com\/user\/eveziau"]},{"@type":"Person","@id":"","url":"https:\/\/eryckveziau.com\/en\/author\/"}]}},"_links":{"self":[{"href":"https:\/\/eryckveziau.com\/en\/wp-json\/wp\/v2\/posts\/2269","targetHints":{"allow":["GET"]}}],"collection":[{"href":"https:\/\/eryckveziau.com\/en\/wp-json\/wp\/v2\/posts"}],"about":[{"href":"https:\/\/eryckveziau.com\/en\/wp-json\/wp\/v2\/types\/post"}],"author":[{"embeddable":true,"href":"https:\/\/eryckveziau.com\/en\/wp-json\/wp\/v2\/users\/285"}],"replies":[{"embeddable":true,"href":"https:\/\/eryckveziau.com\/en\/wp-json\/wp\/v2\/comments?post=2269"}],"version-history":[{"count":2,"href":"https:\/\/eryckveziau.com\/en\/wp-json\/wp\/v2\/posts\/2269\/revisions"}],"predecessor-version":[{"id":2272,"href":"https:\/\/eryckveziau.com\/en\/wp-json\/wp\/v2\/posts\/2269\/revisions\/2272"}],"wp:attachment":[{"href":"https:\/\/eryckveziau.com\/en\/wp-json\/wp\/v2\/media?parent=2269"}],"wp:term":[{"taxonomy":"category","embeddable":true,"href":"https:\/\/eryckveziau.com\/en\/wp-json\/wp\/v2\/categories?post=2269"},{"taxonomy":"post_tag","embeddable":true,"href":"https:\/\/eryckveziau.com\/en\/wp-json\/wp\/v2\/tags?post=2269"}],"curies":[{"name":"wp","href":"https:\/\/api.w.org\/{rel}","templated":true}]}}