{"id":2204,"date":"2015-07-15T17:16:54","date_gmt":"2015-07-15T21:16:54","guid":{"rendered":"\/?p=2204"},"modified":"2015-07-15T17:16:54","modified_gmt":"2015-07-15T21:16:54","slug":"la-fed-prevoit-toujours-hausser-ses-taux-cette-annee","status":"publish","type":"post","link":"https:\/\/eryckveziau.com\/en\/non-classe\/la-fed-prevoit-toujours-hausser-ses-taux-cette-annee\/","title":{"rendered":"(Fran\u00e7ais) La Fed pr\u00e9voit toujours hausser ses taux cette ann\u00e9e"},"content":{"rendered":"<p class=\"qtranxs-available-languages-message qtranxs-available-languages-message-en\">Sorry, this entry is only available in <a href=\"https:\/\/eryckveziau.com\/fr\/wp-json\/wp\/v2\/posts\/2204\" class=\"qtranxs-available-language-link qtranxs-available-language-link-fr\" title=\"Fran\u00e7ais\">Fran\u00e7ais<\/a>.<\/p>","protected":false},"excerpt":{"rendered":"<p>Sorry, this entry is only available in Fran\u00e7ais.<\/p>\n","protected":false},"author":285,"featured_media":0,"comment_status":"closed","ping_status":"closed","sticky":false,"template":"","format":"standard","meta":{"_acf_changed":false,"footnotes":""},"categories":[1],"tags":[28,24,25,30,20,21,42,29,27,19,40,13,37,11,16,17,34,35,31,32,23,36,38,9],"class_list":["post-2204","post","type-post","status-publish","format-standard","hentry","category-non-classe","tag-agent-immobilier-a-laval","tag-agent-immobilier-laval","tag-agent-immobilier-laval-ouest","tag-agent-immobilier-remax-laval","tag-agent-immobilier-rive-nord","tag-agent-immobilier-st-eustache","tag-condos-a-vendre-ste-dorothee","tag-cours-courtier-immobilier-laval","tag-courtier-immobilier-a-laval","tag-courtier-immobilier-rive-nord","tag-courtier-immobilier-st-eustache","tag-courtier-immobilier-ste-dorothee","tag-english","tag-garderie-ste-dorothee","tag-maison-a-vendre-laval","tag-maison-a-vendre-ste-dorothee","tag-meilleur-agent-immobilier-laval","tag-meilleur-courtier-remax","tag-mls-laval","tag-mls-ca-laval","tag-pret-renovation","tag-real-estate-broker-laval-francais","tag-real-estate-broker-ste-dorothee","tag-ste-dorothee"],"acf":[],"yoast_head":"<!-- This site is optimized with the Yoast SEO plugin v26.7 - https:\/\/yoast.com\/wordpress\/plugins\/seo\/ -->\n<title>(Fran\u00e7ais) La Fed pr\u00e9voit toujours hausser ses taux cette ann\u00e9e | ERYCK V\u00c9ZIAU, COURTIER IMMOBILIER LAVAL, COURTIER IMMOBILIER STE-DOROTH\u00c9E, MAISON \u00c0 VENDRE LAVAL, AGENT IMMOBILIER STE-DOROTH\u00c9E<\/title>\n<meta name=\"robots\" content=\"index, follow, max-snippet:-1, max-image-preview:large, max-video-preview:-1\" \/>\n<link rel=\"canonical\" href=\"https:\/\/eryckveziau.com\/non-classe\/la-fed-prevoit-toujours-hausser-ses-taux-cette-annee\/\" \/>\n<meta property=\"og:locale\" content=\"en_US\" \/>\n<meta property=\"og:type\" content=\"article\" \/>\n<meta property=\"og:title\" content=\"(Fran\u00e7ais) La Fed pr\u00e9voit toujours hausser ses taux cette ann\u00e9e | ERYCK V\u00c9ZIAU, COURTIER IMMOBILIER LAVAL, COURTIER IMMOBILIER STE-DOROTH\u00c9E, MAISON \u00c0 VENDRE LAVAL, AGENT IMMOBILIER STE-DOROTH\u00c9E\" \/>\n<meta property=\"og:description\" content=\"Sorry, this entry is only available in Fran\u00e7ais.\" \/>\n<meta property=\"og:url\" content=\"https:\/\/eryckveziau.com\/non-classe\/la-fed-prevoit-toujours-hausser-ses-taux-cette-annee\/\" \/>\n<meta property=\"og:site_name\" content=\"ERYCK V\u00c9ZIAU, COURTIER IMMOBILIER LAVAL, COURTIER IMMOBILIER STE-DOROTH\u00c9E, MAISON \u00c0 VENDRE LAVAL, AGENT IMMOBILIER STE-DOROTH\u00c9E\" \/>\n<meta property=\"article:publisher\" content=\"https:\/\/www.facebook.com\/EryckVeziau.courtier.immobilier.ReMax.Laval\" \/>\n<meta property=\"article:published_time\" content=\"2015-07-15T21:16:54+00:00\" \/>\n<meta property=\"og:image\" content=\"http:\/\/www.lesaffaires.com\/uploads\/images\/normal\/0152086388fb5f71844e7b97a8b07248.jpg\" \/>\n<meta name=\"twitter:card\" content=\"summary_large_image\" \/>\n<meta name=\"twitter:label1\" content=\"Written by\" \/>\n\t<meta name=\"twitter:data1\" content=\"\" \/>\n\t<meta name=\"twitter:label2\" content=\"Est. reading time\" \/>\n\t<meta name=\"twitter:data2\" content=\"2 minutes\" \/>\n<script type=\"application\/ld+json\" class=\"yoast-schema-graph\">{\"@context\":\"https:\/\/schema.org\",\"@graph\":[{\"@type\":\"Article\",\"@id\":\"https:\/\/eryckveziau.com\/non-classe\/la-fed-prevoit-toujours-hausser-ses-taux-cette-annee\/#article\",\"isPartOf\":{\"@id\":\"https:\/\/eryckveziau.com\/non-classe\/la-fed-prevoit-toujours-hausser-ses-taux-cette-annee\/\"},\"author\":{\"name\":\"\",\"@id\":\"\"},\"headline\":\"(Fran\u00e7ais) La Fed pr\u00e9voit toujours hausser ses taux cette ann\u00e9e\",\"datePublished\":\"2015-07-15T21:16:54+00:00\",\"mainEntityOfPage\":{\"@id\":\"https:\/\/eryckveziau.com\/non-classe\/la-fed-prevoit-toujours-hausser-ses-taux-cette-annee\/\"},\"wordCount\":442,\"publisher\":{\"@id\":\"https:\/\/eryckveziau.com\/en\/#organization\"},\"image\":{\"@id\":\"https:\/\/eryckveziau.com\/non-classe\/la-fed-prevoit-toujours-hausser-ses-taux-cette-annee\/#primaryimage\"},\"thumbnailUrl\":\"http:\/\/www.lesaffaires.com\/uploads\/images\/normal\/0152086388fb5f71844e7b97a8b07248.jpg\",\"keywords\":[\"agent immobilier a laval\",\"agent immobilier laval\",\"agent immobilier laval ouest\",\"agent immobilier remax laval\",\"agent immobilier rive-nord\",\"agent immobilier st-eustache\",\"condos \u00e0 vendre ste-doroth\u00e9e\",\"cours courtier immobilier laval\",\"courtier immobilier a laval\",\"Courtier immobilier rive-nord\",\"courtier immobilier st-eustache\",\"courtier immobilier ste-doroth\u00e9e\",\"English\",\"garderie ste-doroth\u00e9e\",\"maison a vendre laval\",\"maison a vendre ste-doroth\u00e9e\",\"meilleur agent immobilier laval\",\"meilleur courtier remax\",\"mls laval\",\"mls.ca laval\",\"pr\u00eat r\u00e9novation\",\"real estate broker laval Fran\u00e7ais\",\"Real estate broker ste-dorothee\",\"Ste-Doroth\u00e9e\"],\"articleSection\":[\"Non class\u00e9\"],\"inLanguage\":\"en-US\"},{\"@type\":\"WebPage\",\"@id\":\"https:\/\/eryckveziau.com\/non-classe\/la-fed-prevoit-toujours-hausser-ses-taux-cette-annee\/\",\"url\":\"https:\/\/eryckveziau.com\/non-classe\/la-fed-prevoit-toujours-hausser-ses-taux-cette-annee\/\",\"name\":\"La Fed pr\u00e9voit toujours hausser ses taux cette ann\u00e9e | ERYCK V\u00c9ZIAU, COURTIER IMMOBILIER LAVAL, COURTIER IMMOBILIER STE-DOROTH\u00c9E, MAISON \u00c0 VENDRE LAVAL, AGENT IMMOBILIER STE-DOROTH\u00c9E\",\"isPartOf\":{\"@id\":\"https:\/\/eryckveziau.com\/en\/#website\"},\"primaryImageOfPage\":{\"@id\":\"https:\/\/eryckveziau.com\/non-classe\/la-fed-prevoit-toujours-hausser-ses-taux-cette-annee\/#primaryimage\"},\"image\":{\"@id\":\"https:\/\/eryckveziau.com\/non-classe\/la-fed-prevoit-toujours-hausser-ses-taux-cette-annee\/#primaryimage\"},\"thumbnailUrl\":\"http:\/\/www.lesaffaires.com\/uploads\/images\/normal\/0152086388fb5f71844e7b97a8b07248.jpg\",\"datePublished\":\"2015-07-15T21:16:54+00:00\",\"breadcrumb\":{\"@id\":\"https:\/\/eryckveziau.com\/non-classe\/la-fed-prevoit-toujours-hausser-ses-taux-cette-annee\/#breadcrumb\"},\"inLanguage\":\"en-US\",\"potentialAction\":[{\"@type\":\"ReadAction\",\"target\":[\"https:\/\/eryckveziau.com\/non-classe\/la-fed-prevoit-toujours-hausser-ses-taux-cette-annee\/\"]}]},{\"@type\":\"ImageObject\",\"inLanguage\":\"en-US\",\"@id\":\"https:\/\/eryckveziau.com\/non-classe\/la-fed-prevoit-toujours-hausser-ses-taux-cette-annee\/#primaryimage\",\"url\":\"http:\/\/www.lesaffaires.com\/uploads\/images\/normal\/0152086388fb5f71844e7b97a8b07248.jpg\",\"contentUrl\":\"http:\/\/www.lesaffaires.com\/uploads\/images\/normal\/0152086388fb5f71844e7b97a8b07248.jpg\"},{\"@type\":\"BreadcrumbList\",\"@id\":\"https:\/\/eryckveziau.com\/non-classe\/la-fed-prevoit-toujours-hausser-ses-taux-cette-annee\/#breadcrumb\",\"itemListElement\":[{\"@type\":\"ListItem\",\"position\":1,\"name\":\"Accueil\",\"item\":\"https:\/\/eryckveziau.com\/en\/\"},{\"@type\":\"ListItem\",\"position\":2,\"name\":\"La Fed pr\u00e9voit toujours hausser ses taux cette ann\u00e9e\"}]},{\"@type\":\"WebSite\",\"@id\":\"https:\/\/eryckveziau.com\/en\/#website\",\"url\":\"https:\/\/eryckveziau.com\/en\/\",\"name\":\"ERYCK V\u00c9ZIAU, COURTIER IMMOBILIER LAVAL, COURTIER IMMOBILIER STE-DOROTH\u00c9E, MAISON \u00c0 VENDRE LAVAL, AGENT IMMOBILIER STE-DOROTH\u00c9E\",\"description\":\"\",\"publisher\":{\"@id\":\"https:\/\/eryckveziau.com\/en\/#organization\"},\"potentialAction\":[{\"@type\":\"SearchAction\",\"target\":{\"@type\":\"EntryPoint\",\"urlTemplate\":\"https:\/\/eryckveziau.com\/en\/?s={search_term_string}\"},\"query-input\":{\"@type\":\"PropertyValueSpecification\",\"valueRequired\":true,\"valueName\":\"search_term_string\"}}],\"inLanguage\":\"en-US\"},{\"@type\":\"Organization\",\"@id\":\"https:\/\/eryckveziau.com\/en\/#organization\",\"name\":\"Eryck V\u00e9ziau RE\/MAX\",\"url\":\"https:\/\/eryckveziau.com\/en\/\",\"logo\":{\"@type\":\"ImageObject\",\"inLanguage\":\"en-US\",\"@id\":\"https:\/\/eryckveziau.com\/en\/#\/schema\/logo\/image\/\",\"url\":\"https:\/\/eryckveziau.com\/files\/2022\/09\/PartageEveziau.png\",\"contentUrl\":\"https:\/\/eryckveziau.com\/files\/2022\/09\/PartageEveziau.png\",\"width\":924,\"height\":454,\"caption\":\"Eryck V\u00e9ziau RE\/MAX\"},\"image\":{\"@id\":\"https:\/\/eryckveziau.com\/en\/#\/schema\/logo\/image\/\"},\"sameAs\":[\"https:\/\/www.facebook.com\/EryckVeziau.courtier.immobilier.ReMax.Laval\",\"https:\/\/www.instagram.com\/eryck_veziau_remax\/\",\"https:\/\/www.linkedin.com\/in\/eryck-v\u00e9ziau-6a445134\/\",\"https:\/\/www.youtube.com\/user\/eveziau\"]},{\"@type\":\"Person\",\"@id\":\"\",\"url\":\"https:\/\/eryckveziau.com\/en\/author\/\"}]}<\/script>\n<!-- \/ Yoast SEO plugin. -->","yoast_head_json":{"title":"(Fran\u00e7ais) La Fed pr\u00e9voit toujours hausser ses taux cette ann\u00e9e | ERYCK V\u00c9ZIAU, COURTIER IMMOBILIER LAVAL, COURTIER IMMOBILIER STE-DOROTH\u00c9E, MAISON \u00c0 VENDRE LAVAL, AGENT IMMOBILIER STE-DOROTH\u00c9E","robots":{"index":"index","follow":"follow","max-snippet":"max-snippet:-1","max-image-preview":"max-image-preview:large","max-video-preview":"max-video-preview:-1"},"canonical":"https:\/\/eryckveziau.com\/non-classe\/la-fed-prevoit-toujours-hausser-ses-taux-cette-annee\/","og_locale":"en_US","og_type":"article","og_title":"(Fran\u00e7ais) La Fed pr\u00e9voit toujours hausser ses taux cette ann\u00e9e | ERYCK V\u00c9ZIAU, COURTIER IMMOBILIER LAVAL, COURTIER IMMOBILIER STE-DOROTH\u00c9E, MAISON \u00c0 VENDRE LAVAL, AGENT IMMOBILIER STE-DOROTH\u00c9E","og_description":"Sorry, this entry is only available in Fran\u00e7ais.","og_url":"https:\/\/eryckveziau.com\/non-classe\/la-fed-prevoit-toujours-hausser-ses-taux-cette-annee\/","og_site_name":"ERYCK V\u00c9ZIAU, COURTIER IMMOBILIER LAVAL, COURTIER IMMOBILIER STE-DOROTH\u00c9E, MAISON \u00c0 VENDRE LAVAL, AGENT IMMOBILIER STE-DOROTH\u00c9E","article_publisher":"https:\/\/www.facebook.com\/EryckVeziau.courtier.immobilier.ReMax.Laval","article_published_time":"2015-07-15T21:16:54+00:00","og_image":[{"url":"http:\/\/www.lesaffaires.com\/uploads\/images\/normal\/0152086388fb5f71844e7b97a8b07248.jpg","type":"","width":"","height":""}],"twitter_card":"summary_large_image","twitter_misc":{"Written by":"","Est. reading time":"2 minutes"},"schema":{"@context":"https:\/\/schema.org","@graph":[{"@type":"Article","@id":"https:\/\/eryckveziau.com\/non-classe\/la-fed-prevoit-toujours-hausser-ses-taux-cette-annee\/#article","isPartOf":{"@id":"https:\/\/eryckveziau.com\/non-classe\/la-fed-prevoit-toujours-hausser-ses-taux-cette-annee\/"},"author":{"name":"","@id":""},"headline":"(Fran\u00e7ais) La Fed pr\u00e9voit toujours hausser ses taux cette ann\u00e9e","datePublished":"2015-07-15T21:16:54+00:00","mainEntityOfPage":{"@id":"https:\/\/eryckveziau.com\/non-classe\/la-fed-prevoit-toujours-hausser-ses-taux-cette-annee\/"},"wordCount":442,"publisher":{"@id":"https:\/\/eryckveziau.com\/en\/#organization"},"image":{"@id":"https:\/\/eryckveziau.com\/non-classe\/la-fed-prevoit-toujours-hausser-ses-taux-cette-annee\/#primaryimage"},"thumbnailUrl":"http:\/\/www.lesaffaires.com\/uploads\/images\/normal\/0152086388fb5f71844e7b97a8b07248.jpg","keywords":["agent immobilier a laval","agent immobilier laval","agent immobilier laval ouest","agent immobilier remax laval","agent immobilier rive-nord","agent immobilier st-eustache","condos \u00e0 vendre ste-doroth\u00e9e","cours courtier immobilier laval","courtier immobilier a laval","Courtier immobilier rive-nord","courtier immobilier st-eustache","courtier immobilier ste-doroth\u00e9e","English","garderie ste-doroth\u00e9e","maison a vendre laval","maison a vendre ste-doroth\u00e9e","meilleur agent immobilier laval","meilleur courtier remax","mls laval","mls.ca laval","pr\u00eat r\u00e9novation","real estate broker laval Fran\u00e7ais","Real estate broker ste-dorothee","Ste-Doroth\u00e9e"],"articleSection":["Non class\u00e9"],"inLanguage":"en-US"},{"@type":"WebPage","@id":"https:\/\/eryckveziau.com\/non-classe\/la-fed-prevoit-toujours-hausser-ses-taux-cette-annee\/","url":"https:\/\/eryckveziau.com\/non-classe\/la-fed-prevoit-toujours-hausser-ses-taux-cette-annee\/","name":"La Fed pr\u00e9voit toujours hausser ses taux cette ann\u00e9e | ERYCK V\u00c9ZIAU, COURTIER IMMOBILIER LAVAL, COURTIER IMMOBILIER STE-DOROTH\u00c9E, MAISON \u00c0 VENDRE LAVAL, AGENT IMMOBILIER STE-DOROTH\u00c9E","isPartOf":{"@id":"https:\/\/eryckveziau.com\/en\/#website"},"primaryImageOfPage":{"@id":"https:\/\/eryckveziau.com\/non-classe\/la-fed-prevoit-toujours-hausser-ses-taux-cette-annee\/#primaryimage"},"image":{"@id":"https:\/\/eryckveziau.com\/non-classe\/la-fed-prevoit-toujours-hausser-ses-taux-cette-annee\/#primaryimage"},"thumbnailUrl":"http:\/\/www.lesaffaires.com\/uploads\/images\/normal\/0152086388fb5f71844e7b97a8b07248.jpg","datePublished":"2015-07-15T21:16:54+00:00","breadcrumb":{"@id":"https:\/\/eryckveziau.com\/non-classe\/la-fed-prevoit-toujours-hausser-ses-taux-cette-annee\/#breadcrumb"},"inLanguage":"en-US","potentialAction":[{"@type":"ReadAction","target":["https:\/\/eryckveziau.com\/non-classe\/la-fed-prevoit-toujours-hausser-ses-taux-cette-annee\/"]}]},{"@type":"ImageObject","inLanguage":"en-US","@id":"https:\/\/eryckveziau.com\/non-classe\/la-fed-prevoit-toujours-hausser-ses-taux-cette-annee\/#primaryimage","url":"http:\/\/www.lesaffaires.com\/uploads\/images\/normal\/0152086388fb5f71844e7b97a8b07248.jpg","contentUrl":"http:\/\/www.lesaffaires.com\/uploads\/images\/normal\/0152086388fb5f71844e7b97a8b07248.jpg"},{"@type":"BreadcrumbList","@id":"https:\/\/eryckveziau.com\/non-classe\/la-fed-prevoit-toujours-hausser-ses-taux-cette-annee\/#breadcrumb","itemListElement":[{"@type":"ListItem","position":1,"name":"Accueil","item":"https:\/\/eryckveziau.com\/en\/"},{"@type":"ListItem","position":2,"name":"La Fed pr\u00e9voit toujours hausser ses taux cette ann\u00e9e"}]},{"@type":"WebSite","@id":"https:\/\/eryckveziau.com\/en\/#website","url":"https:\/\/eryckveziau.com\/en\/","name":"ERYCK V\u00c9ZIAU, COURTIER IMMOBILIER LAVAL, COURTIER IMMOBILIER STE-DOROTH\u00c9E, MAISON \u00c0 VENDRE LAVAL, AGENT IMMOBILIER STE-DOROTH\u00c9E","description":"","publisher":{"@id":"https:\/\/eryckveziau.com\/en\/#organization"},"potentialAction":[{"@type":"SearchAction","target":{"@type":"EntryPoint","urlTemplate":"https:\/\/eryckveziau.com\/en\/?s={search_term_string}"},"query-input":{"@type":"PropertyValueSpecification","valueRequired":true,"valueName":"search_term_string"}}],"inLanguage":"en-US"},{"@type":"Organization","@id":"https:\/\/eryckveziau.com\/en\/#organization","name":"Eryck V\u00e9ziau RE\/MAX","url":"https:\/\/eryckveziau.com\/en\/","logo":{"@type":"ImageObject","inLanguage":"en-US","@id":"https:\/\/eryckveziau.com\/en\/#\/schema\/logo\/image\/","url":"https:\/\/eryckveziau.com\/files\/2022\/09\/PartageEveziau.png","contentUrl":"https:\/\/eryckveziau.com\/files\/2022\/09\/PartageEveziau.png","width":924,"height":454,"caption":"Eryck V\u00e9ziau RE\/MAX"},"image":{"@id":"https:\/\/eryckveziau.com\/en\/#\/schema\/logo\/image\/"},"sameAs":["https:\/\/www.facebook.com\/EryckVeziau.courtier.immobilier.ReMax.Laval","https:\/\/www.instagram.com\/eryck_veziau_remax\/","https:\/\/www.linkedin.com\/in\/eryck-v\u00e9ziau-6a445134\/","https:\/\/www.youtube.com\/user\/eveziau"]},{"@type":"Person","@id":"","url":"https:\/\/eryckveziau.com\/en\/author\/"}]}},"_links":{"self":[{"href":"https:\/\/eryckveziau.com\/en\/wp-json\/wp\/v2\/posts\/2204","targetHints":{"allow":["GET"]}}],"collection":[{"href":"https:\/\/eryckveziau.com\/en\/wp-json\/wp\/v2\/posts"}],"about":[{"href":"https:\/\/eryckveziau.com\/en\/wp-json\/wp\/v2\/types\/post"}],"author":[{"embeddable":true,"href":"https:\/\/eryckveziau.com\/en\/wp-json\/wp\/v2\/users\/285"}],"replies":[{"embeddable":true,"href":"https:\/\/eryckveziau.com\/en\/wp-json\/wp\/v2\/comments?post=2204"}],"version-history":[{"count":1,"href":"https:\/\/eryckveziau.com\/en\/wp-json\/wp\/v2\/posts\/2204\/revisions"}],"predecessor-version":[{"id":2205,"href":"https:\/\/eryckveziau.com\/en\/wp-json\/wp\/v2\/posts\/2204\/revisions\/2205"}],"wp:attachment":[{"href":"https:\/\/eryckveziau.com\/en\/wp-json\/wp\/v2\/media?parent=2204"}],"wp:term":[{"taxonomy":"category","embeddable":true,"href":"https:\/\/eryckveziau.com\/en\/wp-json\/wp\/v2\/categories?post=2204"},{"taxonomy":"post_tag","embeddable":true,"href":"https:\/\/eryckveziau.com\/en\/wp-json\/wp\/v2\/tags?post=2204"}],"curies":[{"name":"wp","href":"https:\/\/api.w.org\/{rel}","templated":true}]}}