{"id":2085,"date":"2015-04-08T22:49:24","date_gmt":"2015-04-09T02:49:24","guid":{"rendered":"\/?p=2085"},"modified":"2015-04-08T22:50:57","modified_gmt":"2015-04-09T02:50:57","slug":"la-hausse-de-certaines-primes-dassurance-nuiront-aux-premiers-acheteurs","status":"publish","type":"post","link":"https:\/\/eryckveziau.com\/en\/non-classe\/la-hausse-de-certaines-primes-dassurance-nuiront-aux-premiers-acheteurs\/","title":{"rendered":"La hausse de certaines primes d&#8217;assurance nuiront aux premiers acheteurs"},"content":{"rendered":"<p><\/p>\n<p>Des courtiers immobiliers et des \u00e9conomistes croient que les hausses de primes d&#8217;assurance pr\u00eat hypoth\u00e9caire annonc\u00e9es r\u00e9cemment par Genworth Canada et la Soci\u00e9t\u00e9 canadienne d&#8217;hypoth\u00e8ques et de logement (SHCL) pourraient forcer les premiers acheteurs \u00e0 remettre \u00e0 plus tard leur entr\u00e9e sur le march\u00e9.<\/p>\n<p><\/p>","protected":false},"excerpt":{"rendered":"<p>Des courtiers immobiliers et des \u00e9conomistes croient que les hausses de primes d&#8217;assurance pr\u00eat hypoth\u00e9caire annonc\u00e9es r\u00e9cemment par Genworth Canada et la Soci\u00e9t\u00e9 canadienne d&#8217;hypoth\u00e8ques et de logement (SHCL) pourraient forcer les premiers acheteurs \u00e0 remettre \u00e0 plus tard leur entr\u00e9e sur le march\u00e9.<\/p>\n","protected":false},"author":285,"featured_media":2088,"comment_status":"closed","ping_status":"closed","sticky":false,"template":"","format":"standard","meta":{"_acf_changed":false,"footnotes":""},"categories":[1],"tags":[],"class_list":["post-2085","post","type-post","status-publish","format-standard","hentry","category-non-classe"],"acf":[],"yoast_head":"<!-- This site is optimized with the Yoast SEO plugin v26.7 - https:\/\/yoast.com\/wordpress\/plugins\/seo\/ -->\n<title>La hausse de certaines primes d&#039;assurance nuiront aux premiers acheteurs | ERYCK V\u00c9ZIAU, COURTIER IMMOBILIER LAVAL, COURTIER IMMOBILIER STE-DOROTH\u00c9E, MAISON \u00c0 VENDRE LAVAL, AGENT IMMOBILIER STE-DOROTH\u00c9E<\/title>\n<meta name=\"robots\" content=\"index, follow, max-snippet:-1, max-image-preview:large, max-video-preview:-1\" \/>\n<link rel=\"canonical\" href=\"https:\/\/eryckveziau.com\/non-classe\/la-hausse-de-certaines-primes-dassurance-nuiront-aux-premiers-acheteurs\/\" \/>\n<meta property=\"og:locale\" content=\"en_US\" \/>\n<meta property=\"og:type\" content=\"article\" \/>\n<meta property=\"og:title\" content=\"La hausse de certaines primes d&#039;assurance nuiront aux premiers acheteurs | ERYCK V\u00c9ZIAU, COURTIER IMMOBILIER LAVAL, COURTIER IMMOBILIER STE-DOROTH\u00c9E, MAISON \u00c0 VENDRE LAVAL, AGENT IMMOBILIER STE-DOROTH\u00c9E\" \/>\n<meta property=\"og:description\" content=\"Des courtiers immobiliers et des \u00e9conomistes croient que les hausses de primes d&#8217;assurance pr\u00eat hypoth\u00e9caire annonc\u00e9es r\u00e9cemment par Genworth Canada et la Soci\u00e9t\u00e9 canadienne d&#8217;hypoth\u00e8ques et de logement (SHCL) pourraient forcer les premiers acheteurs \u00e0 remettre \u00e0 plus tard leur entr\u00e9e sur le march\u00e9.\" \/>\n<meta property=\"og:url\" content=\"https:\/\/eryckveziau.com\/non-classe\/la-hausse-de-certaines-primes-dassurance-nuiront-aux-premiers-acheteurs\/\" \/>\n<meta property=\"og:site_name\" content=\"ERYCK V\u00c9ZIAU, COURTIER IMMOBILIER LAVAL, COURTIER IMMOBILIER STE-DOROTH\u00c9E, MAISON \u00c0 VENDRE LAVAL, AGENT IMMOBILIER STE-DOROTH\u00c9E\" \/>\n<meta property=\"article:publisher\" content=\"https:\/\/www.facebook.com\/EryckVeziau.courtier.immobilier.ReMax.Laval\" \/>\n<meta property=\"article:published_time\" content=\"2015-04-09T02:49:24+00:00\" \/>\n<meta property=\"article:modified_time\" content=\"2015-04-09T02:50:57+00:00\" \/>\n<meta property=\"og:image\" content=\"https:\/\/eryckveziau.com\/files\/2015\/04\/4.jpg\" \/>\n\t<meta property=\"og:image:width\" content=\"645\" \/>\n\t<meta property=\"og:image:height\" content=\"442\" \/>\n\t<meta property=\"og:image:type\" content=\"image\/jpeg\" \/>\n<meta name=\"twitter:card\" content=\"summary_large_image\" \/>\n<meta name=\"twitter:label1\" content=\"Written by\" \/>\n\t<meta name=\"twitter:data1\" content=\"\" \/>\n<script type=\"application\/ld+json\" class=\"yoast-schema-graph\">{\"@context\":\"https:\/\/schema.org\",\"@graph\":[{\"@type\":\"Article\",\"@id\":\"https:\/\/eryckveziau.com\/non-classe\/la-hausse-de-certaines-primes-dassurance-nuiront-aux-premiers-acheteurs\/#article\",\"isPartOf\":{\"@id\":\"https:\/\/eryckveziau.com\/non-classe\/la-hausse-de-certaines-primes-dassurance-nuiront-aux-premiers-acheteurs\/\"},\"author\":{\"name\":\"\",\"@id\":\"\"},\"headline\":\"La hausse de certaines primes d&#8217;assurance nuiront aux premiers acheteurs\",\"datePublished\":\"2015-04-09T02:49:24+00:00\",\"dateModified\":\"2015-04-09T02:50:57+00:00\",\"mainEntityOfPage\":{\"@id\":\"https:\/\/eryckveziau.com\/non-classe\/la-hausse-de-certaines-primes-dassurance-nuiront-aux-premiers-acheteurs\/\"},\"wordCount\":124,\"publisher\":{\"@id\":\"https:\/\/eryckveziau.com\/en\/#organization\"},\"image\":{\"@id\":\"https:\/\/eryckveziau.com\/non-classe\/la-hausse-de-certaines-primes-dassurance-nuiront-aux-premiers-acheteurs\/#primaryimage\"},\"thumbnailUrl\":\"https:\/\/eryckveziau.com\/files\/2015\/04\/4.jpg\",\"articleSection\":[\"Non class\u00e9\"],\"inLanguage\":\"en-US\"},{\"@type\":\"WebPage\",\"@id\":\"https:\/\/eryckveziau.com\/non-classe\/la-hausse-de-certaines-primes-dassurance-nuiront-aux-premiers-acheteurs\/\",\"url\":\"https:\/\/eryckveziau.com\/non-classe\/la-hausse-de-certaines-primes-dassurance-nuiront-aux-premiers-acheteurs\/\",\"name\":\"La hausse de certaines primes d'assurance nuiront aux premiers acheteursLa hausse de certaines primes d'assurance nuiront aux premiers acheteurs | ERYCK V\u00c9ZIAU, COURTIER IMMOBILIER LAVAL, COURTIER IMMOBILIER STE-DOROTH\u00c9E, MAISON \u00c0 VENDRE LAVAL, AGENT IMMOBILIER STE-DOROTH\u00c9E\",\"isPartOf\":{\"@id\":\"https:\/\/eryckveziau.com\/en\/#website\"},\"primaryImageOfPage\":{\"@id\":\"https:\/\/eryckveziau.com\/non-classe\/la-hausse-de-certaines-primes-dassurance-nuiront-aux-premiers-acheteurs\/#primaryimage\"},\"image\":{\"@id\":\"https:\/\/eryckveziau.com\/non-classe\/la-hausse-de-certaines-primes-dassurance-nuiront-aux-premiers-acheteurs\/#primaryimage\"},\"thumbnailUrl\":\"https:\/\/eryckveziau.com\/files\/2015\/04\/4.jpg\",\"datePublished\":\"2015-04-09T02:49:24+00:00\",\"dateModified\":\"2015-04-09T02:50:57+00:00\",\"breadcrumb\":{\"@id\":\"https:\/\/eryckveziau.com\/non-classe\/la-hausse-de-certaines-primes-dassurance-nuiront-aux-premiers-acheteurs\/#breadcrumb\"},\"inLanguage\":\"en-US\",\"potentialAction\":[{\"@type\":\"ReadAction\",\"target\":[\"https:\/\/eryckveziau.com\/non-classe\/la-hausse-de-certaines-primes-dassurance-nuiront-aux-premiers-acheteurs\/\"]}]},{\"@type\":\"ImageObject\",\"inLanguage\":\"en-US\",\"@id\":\"https:\/\/eryckveziau.com\/non-classe\/la-hausse-de-certaines-primes-dassurance-nuiront-aux-premiers-acheteurs\/#primaryimage\",\"url\":\"https:\/\/eryckveziau.com\/files\/2015\/04\/4.jpg\",\"contentUrl\":\"https:\/\/eryckveziau.com\/files\/2015\/04\/4.jpg\",\"width\":645,\"height\":442},{\"@type\":\"BreadcrumbList\",\"@id\":\"https:\/\/eryckveziau.com\/non-classe\/la-hausse-de-certaines-primes-dassurance-nuiront-aux-premiers-acheteurs\/#breadcrumb\",\"itemListElement\":[{\"@type\":\"ListItem\",\"position\":1,\"name\":\"Accueil\",\"item\":\"https:\/\/eryckveziau.com\/en\/\"},{\"@type\":\"ListItem\",\"position\":2,\"name\":\"La hausse de certaines primes d&rsquo;assurance nuiront aux premiers acheteurs\"}]},{\"@type\":\"WebSite\",\"@id\":\"https:\/\/eryckveziau.com\/en\/#website\",\"url\":\"https:\/\/eryckveziau.com\/en\/\",\"name\":\"ERYCK V\u00c9ZIAU, COURTIER IMMOBILIER LAVAL, COURTIER IMMOBILIER STE-DOROTH\u00c9E, MAISON \u00c0 VENDRE LAVAL, AGENT IMMOBILIER STE-DOROTH\u00c9E\",\"description\":\"\",\"publisher\":{\"@id\":\"https:\/\/eryckveziau.com\/en\/#organization\"},\"potentialAction\":[{\"@type\":\"SearchAction\",\"target\":{\"@type\":\"EntryPoint\",\"urlTemplate\":\"https:\/\/eryckveziau.com\/en\/?s={search_term_string}\"},\"query-input\":{\"@type\":\"PropertyValueSpecification\",\"valueRequired\":true,\"valueName\":\"search_term_string\"}}],\"inLanguage\":\"en-US\"},{\"@type\":\"Organization\",\"@id\":\"https:\/\/eryckveziau.com\/en\/#organization\",\"name\":\"Eryck V\u00e9ziau RE\/MAX\",\"url\":\"https:\/\/eryckveziau.com\/en\/\",\"logo\":{\"@type\":\"ImageObject\",\"inLanguage\":\"en-US\",\"@id\":\"https:\/\/eryckveziau.com\/en\/#\/schema\/logo\/image\/\",\"url\":\"https:\/\/eryckveziau.com\/files\/2022\/09\/PartageEveziau.png\",\"contentUrl\":\"https:\/\/eryckveziau.com\/files\/2022\/09\/PartageEveziau.png\",\"width\":924,\"height\":454,\"caption\":\"Eryck V\u00e9ziau RE\/MAX\"},\"image\":{\"@id\":\"https:\/\/eryckveziau.com\/en\/#\/schema\/logo\/image\/\"},\"sameAs\":[\"https:\/\/www.facebook.com\/EryckVeziau.courtier.immobilier.ReMax.Laval\",\"https:\/\/www.instagram.com\/eryck_veziau_remax\/\",\"https:\/\/www.linkedin.com\/in\/eryck-v\u00e9ziau-6a445134\/\",\"https:\/\/www.youtube.com\/user\/eveziau\"]},{\"@type\":\"Person\",\"@id\":\"\",\"url\":\"https:\/\/eryckveziau.com\/en\/author\/\"}]}<\/script>\n<!-- \/ Yoast SEO plugin. -->","yoast_head_json":{"title":"La hausse de certaines primes d'assurance nuiront aux premiers acheteurs | ERYCK V\u00c9ZIAU, COURTIER IMMOBILIER LAVAL, COURTIER IMMOBILIER STE-DOROTH\u00c9E, MAISON \u00c0 VENDRE LAVAL, AGENT IMMOBILIER STE-DOROTH\u00c9E","robots":{"index":"index","follow":"follow","max-snippet":"max-snippet:-1","max-image-preview":"max-image-preview:large","max-video-preview":"max-video-preview:-1"},"canonical":"https:\/\/eryckveziau.com\/non-classe\/la-hausse-de-certaines-primes-dassurance-nuiront-aux-premiers-acheteurs\/","og_locale":"en_US","og_type":"article","og_title":"La hausse de certaines primes d'assurance nuiront aux premiers acheteurs | ERYCK V\u00c9ZIAU, COURTIER IMMOBILIER LAVAL, COURTIER IMMOBILIER STE-DOROTH\u00c9E, MAISON \u00c0 VENDRE LAVAL, AGENT IMMOBILIER STE-DOROTH\u00c9E","og_description":"Des courtiers immobiliers et des \u00e9conomistes croient que les hausses de primes d&#8217;assurance pr\u00eat hypoth\u00e9caire annonc\u00e9es r\u00e9cemment par Genworth Canada et la Soci\u00e9t\u00e9 canadienne d&#8217;hypoth\u00e8ques et de logement (SHCL) pourraient forcer les premiers acheteurs \u00e0 remettre \u00e0 plus tard leur entr\u00e9e sur le march\u00e9.","og_url":"https:\/\/eryckveziau.com\/non-classe\/la-hausse-de-certaines-primes-dassurance-nuiront-aux-premiers-acheteurs\/","og_site_name":"ERYCK V\u00c9ZIAU, COURTIER IMMOBILIER LAVAL, COURTIER IMMOBILIER STE-DOROTH\u00c9E, MAISON \u00c0 VENDRE LAVAL, AGENT IMMOBILIER STE-DOROTH\u00c9E","article_publisher":"https:\/\/www.facebook.com\/EryckVeziau.courtier.immobilier.ReMax.Laval","article_published_time":"2015-04-09T02:49:24+00:00","article_modified_time":"2015-04-09T02:50:57+00:00","og_image":[{"width":645,"height":442,"url":"https:\/\/eryckveziau.com\/files\/2015\/04\/4.jpg","type":"image\/jpeg"}],"twitter_card":"summary_large_image","twitter_misc":{"Written by":""},"schema":{"@context":"https:\/\/schema.org","@graph":[{"@type":"Article","@id":"https:\/\/eryckveziau.com\/non-classe\/la-hausse-de-certaines-primes-dassurance-nuiront-aux-premiers-acheteurs\/#article","isPartOf":{"@id":"https:\/\/eryckveziau.com\/non-classe\/la-hausse-de-certaines-primes-dassurance-nuiront-aux-premiers-acheteurs\/"},"author":{"name":"","@id":""},"headline":"La hausse de certaines primes d&#8217;assurance nuiront aux premiers acheteurs","datePublished":"2015-04-09T02:49:24+00:00","dateModified":"2015-04-09T02:50:57+00:00","mainEntityOfPage":{"@id":"https:\/\/eryckveziau.com\/non-classe\/la-hausse-de-certaines-primes-dassurance-nuiront-aux-premiers-acheteurs\/"},"wordCount":124,"publisher":{"@id":"https:\/\/eryckveziau.com\/en\/#organization"},"image":{"@id":"https:\/\/eryckveziau.com\/non-classe\/la-hausse-de-certaines-primes-dassurance-nuiront-aux-premiers-acheteurs\/#primaryimage"},"thumbnailUrl":"https:\/\/eryckveziau.com\/files\/2015\/04\/4.jpg","articleSection":["Non class\u00e9"],"inLanguage":"en-US"},{"@type":"WebPage","@id":"https:\/\/eryckveziau.com\/non-classe\/la-hausse-de-certaines-primes-dassurance-nuiront-aux-premiers-acheteurs\/","url":"https:\/\/eryckveziau.com\/non-classe\/la-hausse-de-certaines-primes-dassurance-nuiront-aux-premiers-acheteurs\/","name":"La hausse de certaines primes d'assurance nuiront aux premiers acheteursLa hausse de certaines primes d'assurance nuiront aux premiers acheteurs | ERYCK V\u00c9ZIAU, COURTIER IMMOBILIER LAVAL, COURTIER IMMOBILIER STE-DOROTH\u00c9E, MAISON \u00c0 VENDRE LAVAL, AGENT IMMOBILIER STE-DOROTH\u00c9E","isPartOf":{"@id":"https:\/\/eryckveziau.com\/en\/#website"},"primaryImageOfPage":{"@id":"https:\/\/eryckveziau.com\/non-classe\/la-hausse-de-certaines-primes-dassurance-nuiront-aux-premiers-acheteurs\/#primaryimage"},"image":{"@id":"https:\/\/eryckveziau.com\/non-classe\/la-hausse-de-certaines-primes-dassurance-nuiront-aux-premiers-acheteurs\/#primaryimage"},"thumbnailUrl":"https:\/\/eryckveziau.com\/files\/2015\/04\/4.jpg","datePublished":"2015-04-09T02:49:24+00:00","dateModified":"2015-04-09T02:50:57+00:00","breadcrumb":{"@id":"https:\/\/eryckveziau.com\/non-classe\/la-hausse-de-certaines-primes-dassurance-nuiront-aux-premiers-acheteurs\/#breadcrumb"},"inLanguage":"en-US","potentialAction":[{"@type":"ReadAction","target":["https:\/\/eryckveziau.com\/non-classe\/la-hausse-de-certaines-primes-dassurance-nuiront-aux-premiers-acheteurs\/"]}]},{"@type":"ImageObject","inLanguage":"en-US","@id":"https:\/\/eryckveziau.com\/non-classe\/la-hausse-de-certaines-primes-dassurance-nuiront-aux-premiers-acheteurs\/#primaryimage","url":"https:\/\/eryckveziau.com\/files\/2015\/04\/4.jpg","contentUrl":"https:\/\/eryckveziau.com\/files\/2015\/04\/4.jpg","width":645,"height":442},{"@type":"BreadcrumbList","@id":"https:\/\/eryckveziau.com\/non-classe\/la-hausse-de-certaines-primes-dassurance-nuiront-aux-premiers-acheteurs\/#breadcrumb","itemListElement":[{"@type":"ListItem","position":1,"name":"Accueil","item":"https:\/\/eryckveziau.com\/en\/"},{"@type":"ListItem","position":2,"name":"La hausse de certaines primes d&rsquo;assurance nuiront aux premiers acheteurs"}]},{"@type":"WebSite","@id":"https:\/\/eryckveziau.com\/en\/#website","url":"https:\/\/eryckveziau.com\/en\/","name":"ERYCK V\u00c9ZIAU, COURTIER IMMOBILIER LAVAL, COURTIER IMMOBILIER STE-DOROTH\u00c9E, MAISON \u00c0 VENDRE LAVAL, AGENT IMMOBILIER STE-DOROTH\u00c9E","description":"","publisher":{"@id":"https:\/\/eryckveziau.com\/en\/#organization"},"potentialAction":[{"@type":"SearchAction","target":{"@type":"EntryPoint","urlTemplate":"https:\/\/eryckveziau.com\/en\/?s={search_term_string}"},"query-input":{"@type":"PropertyValueSpecification","valueRequired":true,"valueName":"search_term_string"}}],"inLanguage":"en-US"},{"@type":"Organization","@id":"https:\/\/eryckveziau.com\/en\/#organization","name":"Eryck V\u00e9ziau RE\/MAX","url":"https:\/\/eryckveziau.com\/en\/","logo":{"@type":"ImageObject","inLanguage":"en-US","@id":"https:\/\/eryckveziau.com\/en\/#\/schema\/logo\/image\/","url":"https:\/\/eryckveziau.com\/files\/2022\/09\/PartageEveziau.png","contentUrl":"https:\/\/eryckveziau.com\/files\/2022\/09\/PartageEveziau.png","width":924,"height":454,"caption":"Eryck V\u00e9ziau RE\/MAX"},"image":{"@id":"https:\/\/eryckveziau.com\/en\/#\/schema\/logo\/image\/"},"sameAs":["https:\/\/www.facebook.com\/EryckVeziau.courtier.immobilier.ReMax.Laval","https:\/\/www.instagram.com\/eryck_veziau_remax\/","https:\/\/www.linkedin.com\/in\/eryck-v\u00e9ziau-6a445134\/","https:\/\/www.youtube.com\/user\/eveziau"]},{"@type":"Person","@id":"","url":"https:\/\/eryckveziau.com\/en\/author\/"}]}},"_links":{"self":[{"href":"https:\/\/eryckveziau.com\/en\/wp-json\/wp\/v2\/posts\/2085","targetHints":{"allow":["GET"]}}],"collection":[{"href":"https:\/\/eryckveziau.com\/en\/wp-json\/wp\/v2\/posts"}],"about":[{"href":"https:\/\/eryckveziau.com\/en\/wp-json\/wp\/v2\/types\/post"}],"author":[{"embeddable":true,"href":"https:\/\/eryckveziau.com\/en\/wp-json\/wp\/v2\/users\/285"}],"replies":[{"embeddable":true,"href":"https:\/\/eryckveziau.com\/en\/wp-json\/wp\/v2\/comments?post=2085"}],"version-history":[{"count":3,"href":"https:\/\/eryckveziau.com\/en\/wp-json\/wp\/v2\/posts\/2085\/revisions"}],"predecessor-version":[{"id":2089,"href":"https:\/\/eryckveziau.com\/en\/wp-json\/wp\/v2\/posts\/2085\/revisions\/2089"}],"wp:featuredmedia":[{"embeddable":true,"href":"https:\/\/eryckveziau.com\/en\/wp-json\/wp\/v2\/media\/2088"}],"wp:attachment":[{"href":"https:\/\/eryckveziau.com\/en\/wp-json\/wp\/v2\/media?parent=2085"}],"wp:term":[{"taxonomy":"category","embeddable":true,"href":"https:\/\/eryckveziau.com\/en\/wp-json\/wp\/v2\/categories?post=2085"},{"taxonomy":"post_tag","embeddable":true,"href":"https:\/\/eryckveziau.com\/en\/wp-json\/wp\/v2\/tags?post=2085"}],"curies":[{"name":"wp","href":"https:\/\/api.w.org\/{rel}","templated":true}]}}