{"id":2082,"date":"2015-04-08T22:47:57","date_gmt":"2015-04-09T02:47:57","guid":{"rendered":"\/?p=2082"},"modified":"2015-04-08T22:52:13","modified_gmt":"2015-04-09T02:52:13","slug":"un-printemps-prometteur-pour-limmobilier-dans-le-grand-montreal","status":"publish","type":"post","link":"https:\/\/eryckveziau.com\/en\/non-classe\/un-printemps-prometteur-pour-limmobilier-dans-le-grand-montreal\/","title":{"rendered":"Un printemps prometteur pour l&#8217;immobilier dans le Grand Montr\u00e9al"},"content":{"rendered":"<p><\/p>\n<p>Vendre sa maison n&#8217;est pas chose facile de nos jours. Le nombre de propri\u00e9t\u00e9s sur le march\u00e9 ne cesse de cro\u00eetre, au grand dam des vendeurs. Les d\u00e9lais de vente\u00a0aussi.<\/p>\n<p>\u00ab\u00a0On est autour, disons, de quatre mois pour la maison unifamiliale et de cinq mois pour le condo\u00a0\u00bb, soutient H\u00e9l\u00e8ne B\u00e9gin, \u00e9conomiste en chef au Mouvement\u00a0Desjardins<\/p>\n<p>Il y a tout de m\u00eame une lueur d&#8217;espoir \u00e0 l&#8217;horizon. Le march\u00e9 immobilier qui tournait au ralenti vient de changer de\u00a0vitesse.<\/p>\n<p>Dans la grande r\u00e9gion de Montr\u00e9al, les transactions qui accusaient une baisse de 1\u00a0% au d\u00e9but de l&#8217;ann\u00e9e viennent de faire un bond de 6\u00a0% en mars 2015 par rapport \u00e0 la m\u00eame p\u00e9riode l&#8217;an\u00a0dernier.<\/p>\n<p><\/p>","protected":false},"excerpt":{"rendered":"<p>Vendre sa maison n&#8217;est pas chose facile de nos jours. Le nombre de propri\u00e9t\u00e9s sur le march\u00e9 ne cesse de cro\u00eetre, au grand dam des vendeurs. Les d\u00e9lais de vente\u00a0aussi. \u00ab\u00a0On est autour, disons, de quatre mois pour la maison unifamiliale et de cinq mois pour le condo\u00a0\u00bb, soutient H\u00e9l\u00e8ne B\u00e9gin, \u00e9conomiste en chef au [&hellip;]<\/p>\n","protected":false},"author":285,"featured_media":2090,"comment_status":"closed","ping_status":"closed","sticky":false,"template":"","format":"standard","meta":{"_acf_changed":false,"footnotes":""},"categories":[1],"tags":[],"class_list":["post-2082","post","type-post","status-publish","format-standard","hentry","category-non-classe"],"acf":[],"yoast_head":"<!-- This site is optimized with the Yoast SEO plugin v26.7 - https:\/\/yoast.com\/wordpress\/plugins\/seo\/ -->\n<title>Un printemps prometteur pour l&#039;immobilier dans le Grand Montr\u00e9al | ERYCK V\u00c9ZIAU, COURTIER IMMOBILIER LAVAL, COURTIER IMMOBILIER STE-DOROTH\u00c9E, MAISON \u00c0 VENDRE LAVAL, AGENT IMMOBILIER STE-DOROTH\u00c9E<\/title>\n<meta name=\"robots\" content=\"index, follow, max-snippet:-1, max-image-preview:large, max-video-preview:-1\" \/>\n<link rel=\"canonical\" href=\"https:\/\/eryckveziau.com\/non-classe\/un-printemps-prometteur-pour-limmobilier-dans-le-grand-montreal\/\" \/>\n<meta property=\"og:locale\" content=\"en_US\" \/>\n<meta property=\"og:type\" content=\"article\" \/>\n<meta property=\"og:title\" content=\"Un printemps prometteur pour l&#039;immobilier dans le Grand Montr\u00e9al | ERYCK V\u00c9ZIAU, COURTIER IMMOBILIER LAVAL, COURTIER IMMOBILIER STE-DOROTH\u00c9E, MAISON \u00c0 VENDRE LAVAL, AGENT IMMOBILIER STE-DOROTH\u00c9E\" \/>\n<meta property=\"og:description\" content=\"Vendre sa maison n&#8217;est pas chose facile de nos jours. Le nombre de propri\u00e9t\u00e9s sur le march\u00e9 ne cesse de cro\u00eetre, au grand dam des vendeurs. Les d\u00e9lais de vente\u00a0aussi. \u00ab\u00a0On est autour, disons, de quatre mois pour la maison unifamiliale et de cinq mois pour le condo\u00a0\u00bb, soutient H\u00e9l\u00e8ne B\u00e9gin, \u00e9conomiste en chef au [&hellip;]\" \/>\n<meta property=\"og:url\" content=\"https:\/\/eryckveziau.com\/non-classe\/un-printemps-prometteur-pour-limmobilier-dans-le-grand-montreal\/\" \/>\n<meta property=\"og:site_name\" content=\"ERYCK V\u00c9ZIAU, COURTIER IMMOBILIER LAVAL, COURTIER IMMOBILIER STE-DOROTH\u00c9E, MAISON \u00c0 VENDRE LAVAL, AGENT IMMOBILIER STE-DOROTH\u00c9E\" \/>\n<meta property=\"article:publisher\" content=\"https:\/\/www.facebook.com\/EryckVeziau.courtier.immobilier.ReMax.Laval\" \/>\n<meta property=\"article:published_time\" content=\"2015-04-09T02:47:57+00:00\" \/>\n<meta property=\"article:modified_time\" content=\"2015-04-09T02:52:13+00:00\" \/>\n<meta property=\"og:image\" content=\"https:\/\/eryckveziau.com\/files\/2015\/04\/5.jpg\" \/>\n\t<meta property=\"og:image:width\" content=\"654\" \/>\n\t<meta property=\"og:image:height\" content=\"373\" \/>\n\t<meta property=\"og:image:type\" content=\"image\/jpeg\" \/>\n<meta name=\"twitter:card\" content=\"summary_large_image\" \/>\n<meta name=\"twitter:label1\" content=\"Written by\" \/>\n\t<meta name=\"twitter:data1\" content=\"\" \/>\n\t<meta name=\"twitter:label2\" content=\"Est. reading time\" \/>\n\t<meta name=\"twitter:data2\" content=\"1 minute\" \/>\n<script type=\"application\/ld+json\" class=\"yoast-schema-graph\">{\"@context\":\"https:\/\/schema.org\",\"@graph\":[{\"@type\":\"Article\",\"@id\":\"https:\/\/eryckveziau.com\/non-classe\/un-printemps-prometteur-pour-limmobilier-dans-le-grand-montreal\/#article\",\"isPartOf\":{\"@id\":\"https:\/\/eryckveziau.com\/non-classe\/un-printemps-prometteur-pour-limmobilier-dans-le-grand-montreal\/\"},\"author\":{\"name\":\"\",\"@id\":\"\"},\"headline\":\"Un printemps prometteur pour l&#8217;immobilier dans le Grand Montr\u00e9al\",\"datePublished\":\"2015-04-09T02:47:57+00:00\",\"dateModified\":\"2015-04-09T02:52:13+00:00\",\"mainEntityOfPage\":{\"@id\":\"https:\/\/eryckveziau.com\/non-classe\/un-printemps-prometteur-pour-limmobilier-dans-le-grand-montreal\/\"},\"wordCount\":311,\"publisher\":{\"@id\":\"https:\/\/eryckveziau.com\/en\/#organization\"},\"image\":{\"@id\":\"https:\/\/eryckveziau.com\/non-classe\/un-printemps-prometteur-pour-limmobilier-dans-le-grand-montreal\/#primaryimage\"},\"thumbnailUrl\":\"https:\/\/eryckveziau.com\/files\/2015\/04\/5.jpg\",\"articleSection\":[\"Non class\u00e9\"],\"inLanguage\":\"en-US\"},{\"@type\":\"WebPage\",\"@id\":\"https:\/\/eryckveziau.com\/non-classe\/un-printemps-prometteur-pour-limmobilier-dans-le-grand-montreal\/\",\"url\":\"https:\/\/eryckveziau.com\/non-classe\/un-printemps-prometteur-pour-limmobilier-dans-le-grand-montreal\/\",\"name\":\"Un printemps prometteur pour l'immobilier dans le Grand Montr\u00e9alUn printemps prometteur pour l'immobilier dans le Grand Montr\u00e9al | ERYCK V\u00c9ZIAU, COURTIER IMMOBILIER LAVAL, COURTIER IMMOBILIER STE-DOROTH\u00c9E, MAISON \u00c0 VENDRE LAVAL, AGENT IMMOBILIER STE-DOROTH\u00c9E\",\"isPartOf\":{\"@id\":\"https:\/\/eryckveziau.com\/en\/#website\"},\"primaryImageOfPage\":{\"@id\":\"https:\/\/eryckveziau.com\/non-classe\/un-printemps-prometteur-pour-limmobilier-dans-le-grand-montreal\/#primaryimage\"},\"image\":{\"@id\":\"https:\/\/eryckveziau.com\/non-classe\/un-printemps-prometteur-pour-limmobilier-dans-le-grand-montreal\/#primaryimage\"},\"thumbnailUrl\":\"https:\/\/eryckveziau.com\/files\/2015\/04\/5.jpg\",\"datePublished\":\"2015-04-09T02:47:57+00:00\",\"dateModified\":\"2015-04-09T02:52:13+00:00\",\"breadcrumb\":{\"@id\":\"https:\/\/eryckveziau.com\/non-classe\/un-printemps-prometteur-pour-limmobilier-dans-le-grand-montreal\/#breadcrumb\"},\"inLanguage\":\"en-US\",\"potentialAction\":[{\"@type\":\"ReadAction\",\"target\":[\"https:\/\/eryckveziau.com\/non-classe\/un-printemps-prometteur-pour-limmobilier-dans-le-grand-montreal\/\"]}]},{\"@type\":\"ImageObject\",\"inLanguage\":\"en-US\",\"@id\":\"https:\/\/eryckveziau.com\/non-classe\/un-printemps-prometteur-pour-limmobilier-dans-le-grand-montreal\/#primaryimage\",\"url\":\"https:\/\/eryckveziau.com\/files\/2015\/04\/5.jpg\",\"contentUrl\":\"https:\/\/eryckveziau.com\/files\/2015\/04\/5.jpg\",\"width\":654,\"height\":373,\"caption\":\"Congestion\"},{\"@type\":\"BreadcrumbList\",\"@id\":\"https:\/\/eryckveziau.com\/non-classe\/un-printemps-prometteur-pour-limmobilier-dans-le-grand-montreal\/#breadcrumb\",\"itemListElement\":[{\"@type\":\"ListItem\",\"position\":1,\"name\":\"Accueil\",\"item\":\"https:\/\/eryckveziau.com\/en\/\"},{\"@type\":\"ListItem\",\"position\":2,\"name\":\"Un printemps prometteur pour l&rsquo;immobilier dans le Grand Montr\u00e9al\"}]},{\"@type\":\"WebSite\",\"@id\":\"https:\/\/eryckveziau.com\/en\/#website\",\"url\":\"https:\/\/eryckveziau.com\/en\/\",\"name\":\"ERYCK V\u00c9ZIAU, COURTIER IMMOBILIER LAVAL, COURTIER IMMOBILIER STE-DOROTH\u00c9E, MAISON \u00c0 VENDRE LAVAL, AGENT IMMOBILIER STE-DOROTH\u00c9E\",\"description\":\"\",\"publisher\":{\"@id\":\"https:\/\/eryckveziau.com\/en\/#organization\"},\"potentialAction\":[{\"@type\":\"SearchAction\",\"target\":{\"@type\":\"EntryPoint\",\"urlTemplate\":\"https:\/\/eryckveziau.com\/en\/?s={search_term_string}\"},\"query-input\":{\"@type\":\"PropertyValueSpecification\",\"valueRequired\":true,\"valueName\":\"search_term_string\"}}],\"inLanguage\":\"en-US\"},{\"@type\":\"Organization\",\"@id\":\"https:\/\/eryckveziau.com\/en\/#organization\",\"name\":\"Eryck V\u00e9ziau RE\/MAX\",\"url\":\"https:\/\/eryckveziau.com\/en\/\",\"logo\":{\"@type\":\"ImageObject\",\"inLanguage\":\"en-US\",\"@id\":\"https:\/\/eryckveziau.com\/en\/#\/schema\/logo\/image\/\",\"url\":\"https:\/\/eryckveziau.com\/files\/2022\/09\/PartageEveziau.png\",\"contentUrl\":\"https:\/\/eryckveziau.com\/files\/2022\/09\/PartageEveziau.png\",\"width\":924,\"height\":454,\"caption\":\"Eryck V\u00e9ziau RE\/MAX\"},\"image\":{\"@id\":\"https:\/\/eryckveziau.com\/en\/#\/schema\/logo\/image\/\"},\"sameAs\":[\"https:\/\/www.facebook.com\/EryckVeziau.courtier.immobilier.ReMax.Laval\",\"https:\/\/www.instagram.com\/eryck_veziau_remax\/\",\"https:\/\/www.linkedin.com\/in\/eryck-v\u00e9ziau-6a445134\/\",\"https:\/\/www.youtube.com\/user\/eveziau\"]},{\"@type\":\"Person\",\"@id\":\"\",\"url\":\"https:\/\/eryckveziau.com\/en\/author\/\"}]}<\/script>\n<!-- \/ Yoast SEO plugin. -->","yoast_head_json":{"title":"Un printemps prometteur pour l'immobilier dans le Grand Montr\u00e9al | ERYCK V\u00c9ZIAU, COURTIER IMMOBILIER LAVAL, COURTIER IMMOBILIER STE-DOROTH\u00c9E, MAISON \u00c0 VENDRE LAVAL, AGENT IMMOBILIER STE-DOROTH\u00c9E","robots":{"index":"index","follow":"follow","max-snippet":"max-snippet:-1","max-image-preview":"max-image-preview:large","max-video-preview":"max-video-preview:-1"},"canonical":"https:\/\/eryckveziau.com\/non-classe\/un-printemps-prometteur-pour-limmobilier-dans-le-grand-montreal\/","og_locale":"en_US","og_type":"article","og_title":"Un printemps prometteur pour l'immobilier dans le Grand Montr\u00e9al | ERYCK V\u00c9ZIAU, COURTIER IMMOBILIER LAVAL, COURTIER IMMOBILIER STE-DOROTH\u00c9E, MAISON \u00c0 VENDRE LAVAL, AGENT IMMOBILIER STE-DOROTH\u00c9E","og_description":"Vendre sa maison n&#8217;est pas chose facile de nos jours. Le nombre de propri\u00e9t\u00e9s sur le march\u00e9 ne cesse de cro\u00eetre, au grand dam des vendeurs. Les d\u00e9lais de vente\u00a0aussi. \u00ab\u00a0On est autour, disons, de quatre mois pour la maison unifamiliale et de cinq mois pour le condo\u00a0\u00bb, soutient H\u00e9l\u00e8ne B\u00e9gin, \u00e9conomiste en chef au [&hellip;]","og_url":"https:\/\/eryckveziau.com\/non-classe\/un-printemps-prometteur-pour-limmobilier-dans-le-grand-montreal\/","og_site_name":"ERYCK V\u00c9ZIAU, COURTIER IMMOBILIER LAVAL, COURTIER IMMOBILIER STE-DOROTH\u00c9E, MAISON \u00c0 VENDRE LAVAL, AGENT IMMOBILIER STE-DOROTH\u00c9E","article_publisher":"https:\/\/www.facebook.com\/EryckVeziau.courtier.immobilier.ReMax.Laval","article_published_time":"2015-04-09T02:47:57+00:00","article_modified_time":"2015-04-09T02:52:13+00:00","og_image":[{"width":654,"height":373,"url":"https:\/\/eryckveziau.com\/files\/2015\/04\/5.jpg","type":"image\/jpeg"}],"twitter_card":"summary_large_image","twitter_misc":{"Written by":"","Est. reading time":"1 minute"},"schema":{"@context":"https:\/\/schema.org","@graph":[{"@type":"Article","@id":"https:\/\/eryckveziau.com\/non-classe\/un-printemps-prometteur-pour-limmobilier-dans-le-grand-montreal\/#article","isPartOf":{"@id":"https:\/\/eryckveziau.com\/non-classe\/un-printemps-prometteur-pour-limmobilier-dans-le-grand-montreal\/"},"author":{"name":"","@id":""},"headline":"Un printemps prometteur pour l&#8217;immobilier dans le Grand Montr\u00e9al","datePublished":"2015-04-09T02:47:57+00:00","dateModified":"2015-04-09T02:52:13+00:00","mainEntityOfPage":{"@id":"https:\/\/eryckveziau.com\/non-classe\/un-printemps-prometteur-pour-limmobilier-dans-le-grand-montreal\/"},"wordCount":311,"publisher":{"@id":"https:\/\/eryckveziau.com\/en\/#organization"},"image":{"@id":"https:\/\/eryckveziau.com\/non-classe\/un-printemps-prometteur-pour-limmobilier-dans-le-grand-montreal\/#primaryimage"},"thumbnailUrl":"https:\/\/eryckveziau.com\/files\/2015\/04\/5.jpg","articleSection":["Non class\u00e9"],"inLanguage":"en-US"},{"@type":"WebPage","@id":"https:\/\/eryckveziau.com\/non-classe\/un-printemps-prometteur-pour-limmobilier-dans-le-grand-montreal\/","url":"https:\/\/eryckveziau.com\/non-classe\/un-printemps-prometteur-pour-limmobilier-dans-le-grand-montreal\/","name":"Un printemps prometteur pour l'immobilier dans le Grand Montr\u00e9alUn printemps prometteur pour l'immobilier dans le Grand Montr\u00e9al | ERYCK V\u00c9ZIAU, COURTIER IMMOBILIER LAVAL, COURTIER IMMOBILIER STE-DOROTH\u00c9E, MAISON \u00c0 VENDRE LAVAL, AGENT IMMOBILIER STE-DOROTH\u00c9E","isPartOf":{"@id":"https:\/\/eryckveziau.com\/en\/#website"},"primaryImageOfPage":{"@id":"https:\/\/eryckveziau.com\/non-classe\/un-printemps-prometteur-pour-limmobilier-dans-le-grand-montreal\/#primaryimage"},"image":{"@id":"https:\/\/eryckveziau.com\/non-classe\/un-printemps-prometteur-pour-limmobilier-dans-le-grand-montreal\/#primaryimage"},"thumbnailUrl":"https:\/\/eryckveziau.com\/files\/2015\/04\/5.jpg","datePublished":"2015-04-09T02:47:57+00:00","dateModified":"2015-04-09T02:52:13+00:00","breadcrumb":{"@id":"https:\/\/eryckveziau.com\/non-classe\/un-printemps-prometteur-pour-limmobilier-dans-le-grand-montreal\/#breadcrumb"},"inLanguage":"en-US","potentialAction":[{"@type":"ReadAction","target":["https:\/\/eryckveziau.com\/non-classe\/un-printemps-prometteur-pour-limmobilier-dans-le-grand-montreal\/"]}]},{"@type":"ImageObject","inLanguage":"en-US","@id":"https:\/\/eryckveziau.com\/non-classe\/un-printemps-prometteur-pour-limmobilier-dans-le-grand-montreal\/#primaryimage","url":"https:\/\/eryckveziau.com\/files\/2015\/04\/5.jpg","contentUrl":"https:\/\/eryckveziau.com\/files\/2015\/04\/5.jpg","width":654,"height":373,"caption":"Congestion"},{"@type":"BreadcrumbList","@id":"https:\/\/eryckveziau.com\/non-classe\/un-printemps-prometteur-pour-limmobilier-dans-le-grand-montreal\/#breadcrumb","itemListElement":[{"@type":"ListItem","position":1,"name":"Accueil","item":"https:\/\/eryckveziau.com\/en\/"},{"@type":"ListItem","position":2,"name":"Un printemps prometteur pour l&rsquo;immobilier dans le Grand Montr\u00e9al"}]},{"@type":"WebSite","@id":"https:\/\/eryckveziau.com\/en\/#website","url":"https:\/\/eryckveziau.com\/en\/","name":"ERYCK V\u00c9ZIAU, COURTIER IMMOBILIER LAVAL, COURTIER IMMOBILIER STE-DOROTH\u00c9E, MAISON \u00c0 VENDRE LAVAL, AGENT IMMOBILIER STE-DOROTH\u00c9E","description":"","publisher":{"@id":"https:\/\/eryckveziau.com\/en\/#organization"},"potentialAction":[{"@type":"SearchAction","target":{"@type":"EntryPoint","urlTemplate":"https:\/\/eryckveziau.com\/en\/?s={search_term_string}"},"query-input":{"@type":"PropertyValueSpecification","valueRequired":true,"valueName":"search_term_string"}}],"inLanguage":"en-US"},{"@type":"Organization","@id":"https:\/\/eryckveziau.com\/en\/#organization","name":"Eryck V\u00e9ziau RE\/MAX","url":"https:\/\/eryckveziau.com\/en\/","logo":{"@type":"ImageObject","inLanguage":"en-US","@id":"https:\/\/eryckveziau.com\/en\/#\/schema\/logo\/image\/","url":"https:\/\/eryckveziau.com\/files\/2022\/09\/PartageEveziau.png","contentUrl":"https:\/\/eryckveziau.com\/files\/2022\/09\/PartageEveziau.png","width":924,"height":454,"caption":"Eryck V\u00e9ziau RE\/MAX"},"image":{"@id":"https:\/\/eryckveziau.com\/en\/#\/schema\/logo\/image\/"},"sameAs":["https:\/\/www.facebook.com\/EryckVeziau.courtier.immobilier.ReMax.Laval","https:\/\/www.instagram.com\/eryck_veziau_remax\/","https:\/\/www.linkedin.com\/in\/eryck-v\u00e9ziau-6a445134\/","https:\/\/www.youtube.com\/user\/eveziau"]},{"@type":"Person","@id":"","url":"https:\/\/eryckveziau.com\/en\/author\/"}]}},"_links":{"self":[{"href":"https:\/\/eryckveziau.com\/en\/wp-json\/wp\/v2\/posts\/2082","targetHints":{"allow":["GET"]}}],"collection":[{"href":"https:\/\/eryckveziau.com\/en\/wp-json\/wp\/v2\/posts"}],"about":[{"href":"https:\/\/eryckveziau.com\/en\/wp-json\/wp\/v2\/types\/post"}],"author":[{"embeddable":true,"href":"https:\/\/eryckveziau.com\/en\/wp-json\/wp\/v2\/users\/285"}],"replies":[{"embeddable":true,"href":"https:\/\/eryckveziau.com\/en\/wp-json\/wp\/v2\/comments?post=2082"}],"version-history":[{"count":4,"href":"https:\/\/eryckveziau.com\/en\/wp-json\/wp\/v2\/posts\/2082\/revisions"}],"predecessor-version":[{"id":2092,"href":"https:\/\/eryckveziau.com\/en\/wp-json\/wp\/v2\/posts\/2082\/revisions\/2092"}],"wp:featuredmedia":[{"embeddable":true,"href":"https:\/\/eryckveziau.com\/en\/wp-json\/wp\/v2\/media\/2090"}],"wp:attachment":[{"href":"https:\/\/eryckveziau.com\/en\/wp-json\/wp\/v2\/media?parent=2082"}],"wp:term":[{"taxonomy":"category","embeddable":true,"href":"https:\/\/eryckveziau.com\/en\/wp-json\/wp\/v2\/categories?post=2082"},{"taxonomy":"post_tag","embeddable":true,"href":"https:\/\/eryckveziau.com\/en\/wp-json\/wp\/v2\/tags?post=2082"}],"curies":[{"name":"wp","href":"https:\/\/api.w.org\/{rel}","templated":true}]}}