{"id":1909,"date":"2015-01-07T09:55:51","date_gmt":"2015-01-07T14:55:51","guid":{"rendered":"\/?p=1909"},"modified":"2015-01-12T10:50:03","modified_gmt":"2015-01-12T15:50:03","slug":"hausse-de-taux-dinteret-en-2015","status":"publish","type":"post","link":"https:\/\/eryckveziau.com\/en\/non-classe\/hausse-de-taux-dinteret-en-2015\/","title":{"rendered":"Hausse de taux d&#8217;int\u00e9r\u00eat en 2015?"},"content":{"rendered":"<p><\/p>\n<div>\n<p><strong>Vous vous inqui\u00e9tez d\u2019une hausse de taux d\u2019int\u00e9r\u00eat pour 2015? On comprend tr\u00e8s bien pourquoi. L\u2019an dernier, l\u2019endettement des m\u00e9nages a atteint un sommet historique. Au Qu\u00e9bec, la dette moyenne d\u00e9passe 160 % du revenu disponible.<\/strong><\/p>\n<\/div>\n<div>\n<p>S\u2019il fallait que les taux se mettent \u00e0 augmenter, beaucoup auraient peine \u00e0 payer la facture! Mais le Nouvel An am\u00e8ne toujours son lot de bonnes nouvelles. \u00c0 preuve, la plupart des \u00e9conomistes s\u2019attendent \u00e0 ce qu\u2019ils restent bas toute l\u2019ann\u00e9e. On pr\u00e9voit aussi de la cr\u00e9ation d\u2019emploi, un faible taux d\u2019inflation et une meilleure croissance \u00e9conomique.<\/p>\n<\/div>\n<p><\/p>","protected":false},"excerpt":{"rendered":"<p>Vous vous inqui\u00e9tez d\u2019une hausse de taux d\u2019int\u00e9r\u00eat pour 2015? On comprend tr\u00e8s bien pourquoi. L\u2019an dernier, l\u2019endettement des m\u00e9nages a atteint un sommet historique. Au Qu\u00e9bec, la dette moyenne d\u00e9passe 160 % du revenu disponible. S\u2019il fallait que les taux se mettent \u00e0 augmenter, beaucoup auraient peine \u00e0 payer la facture! Mais le Nouvel [&hellip;]<\/p>\n","protected":false},"author":285,"featured_media":0,"comment_status":"closed","ping_status":"closed","sticky":false,"template":"","format":"standard","meta":{"_acf_changed":false,"footnotes":""},"categories":[1],"tags":[28,24,25,30,20,39,18,42,29,27,22,12,26,19,40,6,34,35,31,32,15,36,38,9],"class_list":["post-1909","post","type-post","status-publish","format-standard","hentry","category-non-classe","tag-agent-immobilier-a-laval","tag-agent-immobilier-laval","tag-agent-immobilier-laval-ouest","tag-agent-immobilier-remax-laval","tag-agent-immobilier-rive-nord","tag-agent-immobilier-ste-dorothee","tag-condo-a-vendre-ste-dorothee","tag-condos-a-vendre-ste-dorothee","tag-cours-courtier-immobilier-laval","tag-courtier-immobilier-a-laval","tag-courtier-immobilier-deux-montagnes","tag-courtier-immobilier-laval","tag-courtier-immobilier-remax-laval","tag-courtier-immobilier-rive-nord","tag-courtier-immobilier-st-eustache","tag-maison-a-vendre-laval-et-ste-dorothee","tag-meilleur-agent-immobilier-laval","tag-meilleur-courtier-remax","tag-mls-laval","tag-mls-ca-laval","tag-real-estate-broker-laval","tag-real-estate-broker-laval-francais","tag-real-estate-broker-ste-dorothee","tag-ste-dorothee"],"acf":[],"yoast_head":"<!-- This site is optimized with the Yoast SEO plugin v26.7 - https:\/\/yoast.com\/wordpress\/plugins\/seo\/ -->\n<title>Hausse de taux d&#039;int\u00e9r\u00eat en 2015? | ERYCK V\u00c9ZIAU, COURTIER IMMOBILIER LAVAL, COURTIER IMMOBILIER STE-DOROTH\u00c9E, MAISON \u00c0 VENDRE LAVAL, AGENT IMMOBILIER STE-DOROTH\u00c9E<\/title>\n<meta name=\"robots\" content=\"index, follow, max-snippet:-1, max-image-preview:large, max-video-preview:-1\" \/>\n<link rel=\"canonical\" href=\"https:\/\/eryckveziau.com\/non-classe\/hausse-de-taux-dinteret-en-2015\/\" \/>\n<meta property=\"og:locale\" content=\"en_US\" \/>\n<meta property=\"og:type\" content=\"article\" \/>\n<meta property=\"og:title\" content=\"Hausse de taux d&#039;int\u00e9r\u00eat en 2015? | ERYCK V\u00c9ZIAU, COURTIER IMMOBILIER LAVAL, COURTIER IMMOBILIER STE-DOROTH\u00c9E, MAISON \u00c0 VENDRE LAVAL, AGENT IMMOBILIER STE-DOROTH\u00c9E\" \/>\n<meta property=\"og:description\" content=\"Vous vous inqui\u00e9tez d\u2019une hausse de taux d\u2019int\u00e9r\u00eat pour 2015? On comprend tr\u00e8s bien pourquoi. L\u2019an dernier, l\u2019endettement des m\u00e9nages a atteint un sommet historique. Au Qu\u00e9bec, la dette moyenne d\u00e9passe 160 % du revenu disponible. S\u2019il fallait que les taux se mettent \u00e0 augmenter, beaucoup auraient peine \u00e0 payer la facture! Mais le Nouvel [&hellip;]\" \/>\n<meta property=\"og:url\" content=\"https:\/\/eryckveziau.com\/non-classe\/hausse-de-taux-dinteret-en-2015\/\" \/>\n<meta property=\"og:site_name\" content=\"ERYCK V\u00c9ZIAU, COURTIER IMMOBILIER LAVAL, COURTIER IMMOBILIER STE-DOROTH\u00c9E, MAISON \u00c0 VENDRE LAVAL, AGENT IMMOBILIER STE-DOROTH\u00c9E\" \/>\n<meta property=\"article:publisher\" content=\"https:\/\/www.facebook.com\/EryckVeziau.courtier.immobilier.ReMax.Laval\" \/>\n<meta property=\"article:published_time\" content=\"2015-01-07T14:55:51+00:00\" \/>\n<meta property=\"article:modified_time\" content=\"2015-01-12T15:50:03+00:00\" \/>\n<meta property=\"og:image\" content=\"https:\/\/eryckveziau.com\/files\/2022\/09\/PartageEveziau.png\" \/>\n\t<meta property=\"og:image:width\" content=\"924\" \/>\n\t<meta property=\"og:image:height\" content=\"454\" \/>\n\t<meta property=\"og:image:type\" content=\"image\/png\" \/>\n<meta name=\"twitter:card\" content=\"summary_large_image\" \/>\n<meta name=\"twitter:label1\" content=\"Written by\" \/>\n\t<meta name=\"twitter:data1\" content=\"\" \/>\n\t<meta name=\"twitter:label2\" content=\"Est. reading time\" \/>\n\t<meta name=\"twitter:data2\" content=\"1 minute\" \/>\n<script type=\"application\/ld+json\" class=\"yoast-schema-graph\">{\"@context\":\"https:\/\/schema.org\",\"@graph\":[{\"@type\":\"Article\",\"@id\":\"https:\/\/eryckveziau.com\/non-classe\/hausse-de-taux-dinteret-en-2015\/#article\",\"isPartOf\":{\"@id\":\"https:\/\/eryckveziau.com\/non-classe\/hausse-de-taux-dinteret-en-2015\/\"},\"author\":{\"name\":\"\",\"@id\":\"\"},\"headline\":\"Hausse de taux d&#8217;int\u00e9r\u00eat en 2015?\",\"datePublished\":\"2015-01-07T14:55:51+00:00\",\"dateModified\":\"2015-01-12T15:50:03+00:00\",\"mainEntityOfPage\":{\"@id\":\"https:\/\/eryckveziau.com\/non-classe\/hausse-de-taux-dinteret-en-2015\/\"},\"wordCount\":230,\"publisher\":{\"@id\":\"https:\/\/eryckveziau.com\/en\/#organization\"},\"keywords\":[\"agent immobilier a laval\",\"agent immobilier laval\",\"agent immobilier laval ouest\",\"agent immobilier remax laval\",\"agent immobilier rive-nord\",\"agent immobilier ste-doroth\u00e9e\",\"condo a vendre ste-doroth\u00e9e\",\"condos \u00e0 vendre ste-doroth\u00e9e\",\"cours courtier immobilier laval\",\"courtier immobilier a laval\",\"courtier immobilier deux-montagnes\",\"Courtier immobilier laval\",\"courtier immobilier remax laval\",\"Courtier immobilier rive-nord\",\"courtier immobilier st-eustache\",\"Houses for sale Laval Ste-Dorothee\",\"meilleur agent immobilier laval\",\"meilleur courtier remax\",\"mls laval\",\"mls.ca laval\",\"real estate broker laval\",\"real estate broker laval Fran\u00e7ais\",\"Real estate broker ste-dorothee\",\"Ste-Doroth\u00e9e\"],\"articleSection\":[\"Non class\u00e9\"],\"inLanguage\":\"en-US\"},{\"@type\":\"WebPage\",\"@id\":\"https:\/\/eryckveziau.com\/non-classe\/hausse-de-taux-dinteret-en-2015\/\",\"url\":\"https:\/\/eryckveziau.com\/non-classe\/hausse-de-taux-dinteret-en-2015\/\",\"name\":\"Hausse de taux d'int\u00e9r\u00eat en 2015?Hausse de taux d'int\u00e9r\u00eat en 2015? | ERYCK V\u00c9ZIAU, COURTIER IMMOBILIER LAVAL, COURTIER IMMOBILIER STE-DOROTH\u00c9E, MAISON \u00c0 VENDRE LAVAL, AGENT IMMOBILIER STE-DOROTH\u00c9E\",\"isPartOf\":{\"@id\":\"https:\/\/eryckveziau.com\/en\/#website\"},\"datePublished\":\"2015-01-07T14:55:51+00:00\",\"dateModified\":\"2015-01-12T15:50:03+00:00\",\"breadcrumb\":{\"@id\":\"https:\/\/eryckveziau.com\/non-classe\/hausse-de-taux-dinteret-en-2015\/#breadcrumb\"},\"inLanguage\":\"en-US\",\"potentialAction\":[{\"@type\":\"ReadAction\",\"target\":[\"https:\/\/eryckveziau.com\/non-classe\/hausse-de-taux-dinteret-en-2015\/\"]}]},{\"@type\":\"BreadcrumbList\",\"@id\":\"https:\/\/eryckveziau.com\/non-classe\/hausse-de-taux-dinteret-en-2015\/#breadcrumb\",\"itemListElement\":[{\"@type\":\"ListItem\",\"position\":1,\"name\":\"Accueil\",\"item\":\"https:\/\/eryckveziau.com\/en\/\"},{\"@type\":\"ListItem\",\"position\":2,\"name\":\"Hausse de taux d&rsquo;int\u00e9r\u00eat en 2015?\"}]},{\"@type\":\"WebSite\",\"@id\":\"https:\/\/eryckveziau.com\/en\/#website\",\"url\":\"https:\/\/eryckveziau.com\/en\/\",\"name\":\"ERYCK V\u00c9ZIAU, COURTIER IMMOBILIER LAVAL, COURTIER IMMOBILIER STE-DOROTH\u00c9E, MAISON \u00c0 VENDRE LAVAL, AGENT IMMOBILIER STE-DOROTH\u00c9E\",\"description\":\"\",\"publisher\":{\"@id\":\"https:\/\/eryckveziau.com\/en\/#organization\"},\"potentialAction\":[{\"@type\":\"SearchAction\",\"target\":{\"@type\":\"EntryPoint\",\"urlTemplate\":\"https:\/\/eryckveziau.com\/en\/?s={search_term_string}\"},\"query-input\":{\"@type\":\"PropertyValueSpecification\",\"valueRequired\":true,\"valueName\":\"search_term_string\"}}],\"inLanguage\":\"en-US\"},{\"@type\":\"Organization\",\"@id\":\"https:\/\/eryckveziau.com\/en\/#organization\",\"name\":\"Eryck V\u00e9ziau RE\/MAX\",\"url\":\"https:\/\/eryckveziau.com\/en\/\",\"logo\":{\"@type\":\"ImageObject\",\"inLanguage\":\"en-US\",\"@id\":\"https:\/\/eryckveziau.com\/en\/#\/schema\/logo\/image\/\",\"url\":\"https:\/\/eryckveziau.com\/files\/2022\/09\/PartageEveziau.png\",\"contentUrl\":\"https:\/\/eryckveziau.com\/files\/2022\/09\/PartageEveziau.png\",\"width\":924,\"height\":454,\"caption\":\"Eryck V\u00e9ziau RE\/MAX\"},\"image\":{\"@id\":\"https:\/\/eryckveziau.com\/en\/#\/schema\/logo\/image\/\"},\"sameAs\":[\"https:\/\/www.facebook.com\/EryckVeziau.courtier.immobilier.ReMax.Laval\",\"https:\/\/www.instagram.com\/eryck_veziau_remax\/\",\"https:\/\/www.linkedin.com\/in\/eryck-v\u00e9ziau-6a445134\/\",\"https:\/\/www.youtube.com\/user\/eveziau\"]},{\"@type\":\"Person\",\"@id\":\"\",\"url\":\"https:\/\/eryckveziau.com\/en\/author\/\"}]}<\/script>\n<!-- \/ Yoast SEO plugin. -->","yoast_head_json":{"title":"Hausse de taux d'int\u00e9r\u00eat en 2015? | ERYCK V\u00c9ZIAU, COURTIER IMMOBILIER LAVAL, COURTIER IMMOBILIER STE-DOROTH\u00c9E, MAISON \u00c0 VENDRE LAVAL, AGENT IMMOBILIER STE-DOROTH\u00c9E","robots":{"index":"index","follow":"follow","max-snippet":"max-snippet:-1","max-image-preview":"max-image-preview:large","max-video-preview":"max-video-preview:-1"},"canonical":"https:\/\/eryckveziau.com\/non-classe\/hausse-de-taux-dinteret-en-2015\/","og_locale":"en_US","og_type":"article","og_title":"Hausse de taux d'int\u00e9r\u00eat en 2015? | ERYCK V\u00c9ZIAU, COURTIER IMMOBILIER LAVAL, COURTIER IMMOBILIER STE-DOROTH\u00c9E, MAISON \u00c0 VENDRE LAVAL, AGENT IMMOBILIER STE-DOROTH\u00c9E","og_description":"Vous vous inqui\u00e9tez d\u2019une hausse de taux d\u2019int\u00e9r\u00eat pour 2015? On comprend tr\u00e8s bien pourquoi. L\u2019an dernier, l\u2019endettement des m\u00e9nages a atteint un sommet historique. Au Qu\u00e9bec, la dette moyenne d\u00e9passe 160 % du revenu disponible. S\u2019il fallait que les taux se mettent \u00e0 augmenter, beaucoup auraient peine \u00e0 payer la facture! Mais le Nouvel [&hellip;]","og_url":"https:\/\/eryckveziau.com\/non-classe\/hausse-de-taux-dinteret-en-2015\/","og_site_name":"ERYCK V\u00c9ZIAU, COURTIER IMMOBILIER LAVAL, COURTIER IMMOBILIER STE-DOROTH\u00c9E, MAISON \u00c0 VENDRE LAVAL, AGENT IMMOBILIER STE-DOROTH\u00c9E","article_publisher":"https:\/\/www.facebook.com\/EryckVeziau.courtier.immobilier.ReMax.Laval","article_published_time":"2015-01-07T14:55:51+00:00","article_modified_time":"2015-01-12T15:50:03+00:00","og_image":[{"width":924,"height":454,"url":"https:\/\/eryckveziau.com\/files\/2022\/09\/PartageEveziau.png","type":"image\/png"}],"twitter_card":"summary_large_image","twitter_misc":{"Written by":"","Est. reading time":"1 minute"},"schema":{"@context":"https:\/\/schema.org","@graph":[{"@type":"Article","@id":"https:\/\/eryckveziau.com\/non-classe\/hausse-de-taux-dinteret-en-2015\/#article","isPartOf":{"@id":"https:\/\/eryckveziau.com\/non-classe\/hausse-de-taux-dinteret-en-2015\/"},"author":{"name":"","@id":""},"headline":"Hausse de taux d&#8217;int\u00e9r\u00eat en 2015?","datePublished":"2015-01-07T14:55:51+00:00","dateModified":"2015-01-12T15:50:03+00:00","mainEntityOfPage":{"@id":"https:\/\/eryckveziau.com\/non-classe\/hausse-de-taux-dinteret-en-2015\/"},"wordCount":230,"publisher":{"@id":"https:\/\/eryckveziau.com\/en\/#organization"},"keywords":["agent immobilier a laval","agent immobilier laval","agent immobilier laval ouest","agent immobilier remax laval","agent immobilier rive-nord","agent immobilier ste-doroth\u00e9e","condo a vendre ste-doroth\u00e9e","condos \u00e0 vendre ste-doroth\u00e9e","cours courtier immobilier laval","courtier immobilier a laval","courtier immobilier deux-montagnes","Courtier immobilier laval","courtier immobilier remax laval","Courtier immobilier rive-nord","courtier immobilier st-eustache","Houses for sale Laval Ste-Dorothee","meilleur agent immobilier laval","meilleur courtier remax","mls laval","mls.ca laval","real estate broker laval","real estate broker laval Fran\u00e7ais","Real estate broker ste-dorothee","Ste-Doroth\u00e9e"],"articleSection":["Non class\u00e9"],"inLanguage":"en-US"},{"@type":"WebPage","@id":"https:\/\/eryckveziau.com\/non-classe\/hausse-de-taux-dinteret-en-2015\/","url":"https:\/\/eryckveziau.com\/non-classe\/hausse-de-taux-dinteret-en-2015\/","name":"Hausse de taux d'int\u00e9r\u00eat en 2015?Hausse de taux d'int\u00e9r\u00eat en 2015? | ERYCK V\u00c9ZIAU, COURTIER IMMOBILIER LAVAL, COURTIER IMMOBILIER STE-DOROTH\u00c9E, MAISON \u00c0 VENDRE LAVAL, AGENT IMMOBILIER STE-DOROTH\u00c9E","isPartOf":{"@id":"https:\/\/eryckveziau.com\/en\/#website"},"datePublished":"2015-01-07T14:55:51+00:00","dateModified":"2015-01-12T15:50:03+00:00","breadcrumb":{"@id":"https:\/\/eryckveziau.com\/non-classe\/hausse-de-taux-dinteret-en-2015\/#breadcrumb"},"inLanguage":"en-US","potentialAction":[{"@type":"ReadAction","target":["https:\/\/eryckveziau.com\/non-classe\/hausse-de-taux-dinteret-en-2015\/"]}]},{"@type":"BreadcrumbList","@id":"https:\/\/eryckveziau.com\/non-classe\/hausse-de-taux-dinteret-en-2015\/#breadcrumb","itemListElement":[{"@type":"ListItem","position":1,"name":"Accueil","item":"https:\/\/eryckveziau.com\/en\/"},{"@type":"ListItem","position":2,"name":"Hausse de taux d&rsquo;int\u00e9r\u00eat en 2015?"}]},{"@type":"WebSite","@id":"https:\/\/eryckveziau.com\/en\/#website","url":"https:\/\/eryckveziau.com\/en\/","name":"ERYCK V\u00c9ZIAU, COURTIER IMMOBILIER LAVAL, COURTIER IMMOBILIER STE-DOROTH\u00c9E, MAISON \u00c0 VENDRE LAVAL, AGENT IMMOBILIER STE-DOROTH\u00c9E","description":"","publisher":{"@id":"https:\/\/eryckveziau.com\/en\/#organization"},"potentialAction":[{"@type":"SearchAction","target":{"@type":"EntryPoint","urlTemplate":"https:\/\/eryckveziau.com\/en\/?s={search_term_string}"},"query-input":{"@type":"PropertyValueSpecification","valueRequired":true,"valueName":"search_term_string"}}],"inLanguage":"en-US"},{"@type":"Organization","@id":"https:\/\/eryckveziau.com\/en\/#organization","name":"Eryck V\u00e9ziau RE\/MAX","url":"https:\/\/eryckveziau.com\/en\/","logo":{"@type":"ImageObject","inLanguage":"en-US","@id":"https:\/\/eryckveziau.com\/en\/#\/schema\/logo\/image\/","url":"https:\/\/eryckveziau.com\/files\/2022\/09\/PartageEveziau.png","contentUrl":"https:\/\/eryckveziau.com\/files\/2022\/09\/PartageEveziau.png","width":924,"height":454,"caption":"Eryck V\u00e9ziau RE\/MAX"},"image":{"@id":"https:\/\/eryckveziau.com\/en\/#\/schema\/logo\/image\/"},"sameAs":["https:\/\/www.facebook.com\/EryckVeziau.courtier.immobilier.ReMax.Laval","https:\/\/www.instagram.com\/eryck_veziau_remax\/","https:\/\/www.linkedin.com\/in\/eryck-v\u00e9ziau-6a445134\/","https:\/\/www.youtube.com\/user\/eveziau"]},{"@type":"Person","@id":"","url":"https:\/\/eryckveziau.com\/en\/author\/"}]}},"_links":{"self":[{"href":"https:\/\/eryckveziau.com\/en\/wp-json\/wp\/v2\/posts\/1909","targetHints":{"allow":["GET"]}}],"collection":[{"href":"https:\/\/eryckveziau.com\/en\/wp-json\/wp\/v2\/posts"}],"about":[{"href":"https:\/\/eryckveziau.com\/en\/wp-json\/wp\/v2\/types\/post"}],"author":[{"embeddable":true,"href":"https:\/\/eryckveziau.com\/en\/wp-json\/wp\/v2\/users\/285"}],"replies":[{"embeddable":true,"href":"https:\/\/eryckveziau.com\/en\/wp-json\/wp\/v2\/comments?post=1909"}],"version-history":[{"count":3,"href":"https:\/\/eryckveziau.com\/en\/wp-json\/wp\/v2\/posts\/1909\/revisions"}],"predecessor-version":[{"id":1928,"href":"https:\/\/eryckveziau.com\/en\/wp-json\/wp\/v2\/posts\/1909\/revisions\/1928"}],"wp:attachment":[{"href":"https:\/\/eryckveziau.com\/en\/wp-json\/wp\/v2\/media?parent=1909"}],"wp:term":[{"taxonomy":"category","embeddable":true,"href":"https:\/\/eryckveziau.com\/en\/wp-json\/wp\/v2\/categories?post=1909"},{"taxonomy":"post_tag","embeddable":true,"href":"https:\/\/eryckveziau.com\/en\/wp-json\/wp\/v2\/tags?post=1909"}],"curies":[{"name":"wp","href":"https:\/\/api.w.org\/{rel}","templated":true}]}}